{"id":70878,"date":"2022-02-03T10:23:47","date_gmt":"2022-02-03T16:23:47","guid":{"rendered":"http:\/\/diariodigitalmx.com\/?p=70878"},"modified":"2022-02-03T10:25:10","modified_gmt":"2022-02-03T16:25:10","slug":"en-operacion-militar-estados-unidos-mata-al-lider-del-estado-islamico","status":"publish","type":"post","link":"https:\/\/diariodigitalmx.com\/index.php\/2022\/02\/03\/en-operacion-militar-estados-unidos-mata-al-lider-del-estado-islamico\/","title":{"rendered":"En operaci\u00f3n militar, Estados Unidos mata al l\u00edder del Estado Isl\u00e1mico"},"content":{"rendered":"\n<p>El presidente de Estados Unidos, Joe Biden confirm\u00f3 que el l\u00edder del Estado Isl\u00e1mico, Abu Ibrahim al Hashemi, fue asesinado durante una operaci\u00f3n antiterrorista al noroeste de Siria.&nbsp;<\/p>\n\n\n\n<p>\u201cGracias a la habilidad y valent\u00eda de nuestras Fuerzas Armadas logramos retirar del campo de batalla a Abu Ibrahim al Hashemi\u201d, declar\u00f3 al respecto Biden a trav\u00e9s de un comunicado emitido desde la Casa Blanca.<\/p>\n\n\n\n<figure class=\"wp-block-image size-large\"><img loading=\"lazy\" decoding=\"async\" width=\"668\" height=\"1024\" src=\"http:\/\/diariodigitalmx.com\/wp-content\/uploads\/2022\/02\/Screenshot_20220203_101945_com.android.chrome2-668x1024.jpg\" alt=\"\" class=\"wp-image-70882\" srcset=\"https:\/\/diariodigitalmx.com\/wp-content\/uploads\/2022\/02\/Screenshot_20220203_101945_com.android.chrome2-668x1024.jpg 668w, https:\/\/diariodigitalmx.com\/wp-content\/uploads\/2022\/02\/Screenshot_20220203_101945_com.android.chrome2-196x300.jpg 196w, https:\/\/diariodigitalmx.com\/wp-content\/uploads\/2022\/02\/Screenshot_20220203_101945_com.android.chrome2-768x1178.jpg 768w, https:\/\/diariodigitalmx.com\/wp-content\/uploads\/2022\/02\/Screenshot_20220203_101945_com.android.chrome2.jpg 967w\" sizes=\"(max-width: 668px) 100vw, 668px\" \/><\/figure>\n\n\n\n<p>De acuerdo con lo informado por el mandatario estadounidense el l\u00edder isl\u00e1mico padeci\u00f3 debido al estallido de una bomba.<\/p>\n\n\n\n<p>\u201cAl principio de la operaci\u00f3n, el objetivo terrorista hizo estallar una bomba que lo mat\u00f3 as\u00ed como a miembros de su familia, entre ellos mujeres y ni\u00f1os\u201d, se inform\u00f3.<\/p>\n\n\n\n<p>Se abund\u00f3 adem\u00e1s que la operaci\u00f3n militar en cuesti\u00f3n se desarroll\u00f3 en la regi\u00f3n de Idlib, provocando adem\u00e1s 13 muertes, de acuerdo con el Observatorio Sirio para los Derechos Humanos (OSDH).<\/p>\n\n\n\n<p>De acuerdo con agencias internacionales, los militares ten\u00edan como objetivo de ataque un edificio de dos plantas en la regi\u00f3n de Idli, misma que qued\u00f3 fuera del control del Gobierno sirio.<\/p>\n","protected":false},"excerpt":{"rendered":"<p>El presidente de Estados Unidos, Joe Biden confirm\u00f3 que el l\u00edder del Estado Isl\u00e1mico, Abu Ibrahim al Hashemi, fue asesinado durante una operaci\u00f3n antiterrorista al noroeste de Siria.&nbsp; \u201cGracias a la habilidad y valent\u00eda de nuestras Fuerzas Armadas logramos retirar del campo de batalla a Abu Ibrahim al Hashemi\u201d, declar\u00f3 al respecto Biden a trav\u00e9s [&hellip;]<\/p>\n","protected":false},"author":1,"featured_media":70880,"comment_status":"open","ping_status":"open","sticky":true,"template":"","format":"standard","meta":{"footnotes":""},"categories":[4,3],"tags":[],"_links":{"self":[{"href":"https:\/\/diariodigitalmx.com\/index.php\/wp-json\/wp\/v2\/posts\/70878"}],"collection":[{"href":"https:\/\/diariodigitalmx.com\/index.php\/wp-json\/wp\/v2\/posts"}],"about":[{"href":"https:\/\/diariodigitalmx.com\/index.php\/wp-json\/wp\/v2\/types\/post"}],"author":[{"embeddable":true,"href":"https:\/\/diariodigitalmx.com\/index.php\/wp-json\/wp\/v2\/users\/1"}],"replies":[{"embeddable":true,"href":"https:\/\/diariodigitalmx.com\/index.php\/wp-json\/wp\/v2\/comments?post=70878"}],"version-history":[{"count":3,"href":"https:\/\/diariodigitalmx.com\/index.php\/wp-json\/wp\/v2\/posts\/70878\/revisions"}],"predecessor-version":[{"id":70883,"href":"https:\/\/diariodigitalmx.com\/index.php\/wp-json\/wp\/v2\/posts\/70878\/revisions\/70883"}],"wp:featuredmedia":[{"embeddable":true,"href":"https:\/\/diariodigitalmx.com\/index.php\/wp-json\/wp\/v2\/media\/70880"}],"wp:attachment":[{"href":"https:\/\/diariodigitalmx.com\/index.php\/wp-json\/wp\/v2\/media?parent=70878"}],"wp:term":[{"taxonomy":"category","embeddable":true,"href":"https:\/\/diariodigitalmx.com\/index.php\/wp-json\/wp\/v2\/categories?post=70878"},{"taxonomy":"post_tag","embeddable":true,"href":"https:\/\/diariodigitalmx.com\/index.php\/wp-json\/wp\/v2\/tags?post=70878"}],"curies":[{"name":"wp","href":"https:\/\/api.w.org\/{rel}","templated":true}]}}