{"id":70888,"date":"2022-02-03T10:50:05","date_gmt":"2022-02-03T16:50:05","guid":{"rendered":"http:\/\/diariodigitalmx.com\/?p=70888"},"modified":"2022-02-03T10:52:36","modified_gmt":"2022-02-03T16:52:36","slug":"reconoce-gobierno-de-samuel-garcia-crisis-del-agua-y-culpa-en-parte-al-bronco","status":"publish","type":"post","link":"https:\/\/diariodigitalmx.com\/index.php\/2022\/02\/03\/reconoce-gobierno-de-samuel-garcia-crisis-del-agua-y-culpa-en-parte-al-bronco\/","title":{"rendered":"Reconoce gobierno de Samuel Garc\u00eda crisis del agua, y culpa en parte al Bronco"},"content":{"rendered":"\n<p>Walter Elizondo <\/p>\n\n\n\n<p>Monterrey &#8211; Nuevo Le\u00f3n enfrenta la peor crisis del agua en los \u00faltimos 25 a\u00f1os acept\u00f3 el gobierno de Samuel Garc\u00eda, quien atribuye la culpa a la administraci\u00f3n de Jaime Rodr\u00edguez Calder\u00f3n &#8220;El Bronco&#8221;.&nbsp;<\/p>\n\n\n\n<p>&#8220;Desde hace 25 a\u00f1os no hab\u00edamos tenido una situaci\u00f3n tan cr\u00edtica. Son crisis c\u00edclicas, ya se han tenido en el pasado, y siempre hemos logrado superarlas&#8221;, coment\u00f3 en mensaje a la poblaci\u00f3n el director de la empresa estatal Agua y Drenaje de Monterrey, Juan Ignacio Barrag\u00e1n.<\/p>\n\n\n\n<p>Sin embargo,&nbsp; el funcionario aprovech\u00f3 para acusar al gobierno anterior del Bronco de la situaci\u00f3n que se vive.&nbsp;<\/p>\n\n\n\n<p>&#8220;Cabe mencionar que en esta ocasi\u00f3n la reacci\u00f3n ha sido tard\u00eda, pues las acciones que estamos tomando en este momento debieron tomarse por la Administraci\u00f3n anterior y tener los pozos emergentes ya listos. Lamentablemente no fue as\u00ed&#8221;, acusa Barrag\u00e1n.<\/p>\n\n\n\n<figure class=\"wp-block-image size-large\"><img loading=\"lazy\" decoding=\"async\" width=\"1024\" height=\"683\" src=\"http:\/\/diariodigitalmx.com\/wp-content\/uploads\/2022\/01\/FB_IMG_1642628425007-1024x683.jpg\" alt=\"\" class=\"wp-image-70405\" srcset=\"https:\/\/diariodigitalmx.com\/wp-content\/uploads\/2022\/01\/FB_IMG_1642628425007-1024x683.jpg 1024w, https:\/\/diariodigitalmx.com\/wp-content\/uploads\/2022\/01\/FB_IMG_1642628425007-300x200.jpg 300w, https:\/\/diariodigitalmx.com\/wp-content\/uploads\/2022\/01\/FB_IMG_1642628425007-768x512.jpg 768w, https:\/\/diariodigitalmx.com\/wp-content\/uploads\/2022\/01\/FB_IMG_1642628425007.jpg 1080w\" sizes=\"(max-width: 1024px) 100vw, 1024px\" \/><\/figure>\n\n\n\n<p>&#8220;Tenemos que bajar el consumo en nuestra regadera, al momento de ba\u00f1arnos, ba\u00f1arnos en menos de cinco minutos. No regar banquetas, no lavar los autos con manguera, ahorrar agua en la lavadora, y, sobre todo, denunciar a quien la desperdicie&#8221;, recomienda.<\/p>\n\n\n\n<p>El funcionario estatal no aclara en su mensaje si se debe a cortes programados o desabasto en tanques de almacenamiento, la falta de agua en cientos de colonias en los \u00faltimos d\u00edas.&nbsp;<\/p>\n\n\n\n<p>El mi\u00e9rcoles el Gobierno de Nuevo Le\u00f3n public\u00f3 en el Peri\u00f3dico Oficial del Estado, la declaratoria de emergencia por sequ\u00eda extrema, y entre las medidas destacan sanciones a quien desperdicie el agua.&nbsp;<\/p>\n","protected":false},"excerpt":{"rendered":"<p>Walter Elizondo Monterrey &#8211; Nuevo Le\u00f3n enfrenta la peor crisis del agua en los \u00faltimos 25 a\u00f1os acept\u00f3 el gobierno de Samuel Garc\u00eda, quien atribuye la culpa a la administraci\u00f3n de Jaime Rodr\u00edguez Calder\u00f3n &#8220;El Bronco&#8221;.&nbsp; &#8220;Desde hace 25 a\u00f1os no hab\u00edamos tenido una situaci\u00f3n tan cr\u00edtica. Son crisis c\u00edclicas, ya se han tenido en [&hellip;]<\/p>\n","protected":false},"author":1,"featured_media":70404,"comment_status":"open","ping_status":"open","sticky":true,"template":"","format":"standard","meta":{"footnotes":""},"categories":[6,3],"tags":[],"_links":{"self":[{"href":"https:\/\/diariodigitalmx.com\/index.php\/wp-json\/wp\/v2\/posts\/70888"}],"collection":[{"href":"https:\/\/diariodigitalmx.com\/index.php\/wp-json\/wp\/v2\/posts"}],"about":[{"href":"https:\/\/diariodigitalmx.com\/index.php\/wp-json\/wp\/v2\/types\/post"}],"author":[{"embeddable":true,"href":"https:\/\/diariodigitalmx.com\/index.php\/wp-json\/wp\/v2\/users\/1"}],"replies":[{"embeddable":true,"href":"https:\/\/diariodigitalmx.com\/index.php\/wp-json\/wp\/v2\/comments?post=70888"}],"version-history":[{"count":2,"href":"https:\/\/diariodigitalmx.com\/index.php\/wp-json\/wp\/v2\/posts\/70888\/revisions"}],"predecessor-version":[{"id":70891,"href":"https:\/\/diariodigitalmx.com\/index.php\/wp-json\/wp\/v2\/posts\/70888\/revisions\/70891"}],"wp:featuredmedia":[{"embeddable":true,"href":"https:\/\/diariodigitalmx.com\/index.php\/wp-json\/wp\/v2\/media\/70404"}],"wp:attachment":[{"href":"https:\/\/diariodigitalmx.com\/index.php\/wp-json\/wp\/v2\/media?parent=70888"}],"wp:term":[{"taxonomy":"category","embeddable":true,"href":"https:\/\/diariodigitalmx.com\/index.php\/wp-json\/wp\/v2\/categories?post=70888"},{"taxonomy":"post_tag","embeddable":true,"href":"https:\/\/diariodigitalmx.com\/index.php\/wp-json\/wp\/v2\/tags?post=70888"}],"curies":[{"name":"wp","href":"https:\/\/api.w.org\/{rel}","templated":true}]}}