{"id":70902,"date":"2022-02-03T15:36:22","date_gmt":"2022-02-03T21:36:22","guid":{"rendered":"http:\/\/diariodigitalmx.com\/?p=70902"},"modified":"2022-02-03T15:44:08","modified_gmt":"2022-02-03T21:44:08","slug":"le-estallo-la-bomba-a-samuel-crisis-por-el-agua","status":"publish","type":"post","link":"https:\/\/diariodigitalmx.com\/index.php\/2022\/02\/03\/le-estallo-la-bomba-a-samuel-crisis-por-el-agua\/","title":{"rendered":"Le estall\u00f3 la bomba a Samuel: crisis por el agua"},"content":{"rendered":"\n<p>Ra\u00fal Guajardo Cant\u00fa <\/p>\n\n\n\n<p>Desde la administraci\u00f3n de Rodrigo Medina se debi\u00f3 haber solucionado el problema que recurrentemente afecta a Nuevo Le\u00f3n por lo que respecta al suministro de agua potable, principalmente para el \u00e1rea metropolitana de Monterrey.<\/p>\n\n\n\n<p>En efecto, el vilipendiado proyecto Monterrey VI que traer\u00eda agua desde el P\u00e1nuco habr\u00eda sido una respuesta para este problema, sin embargo, una serie de factores pol\u00edtico-econ\u00f3micos se entretejieron para que no se llevara a la pr\u00e1ctica la construcci\u00f3n de ese acueducto, actores pol\u00edticos que en su af\u00e1n de obtener las mayores ganancias econ\u00f3micas prefirieron torpedear el proyecto sin importar los costos que ello implicaba para todos los habitantes de esta urbe.<\/p>\n\n\n\n<p>Hoy con La Boca y Cerro Prieto pr\u00e1cticamente vac\u00edas y El Cuchillo en niveles m\u00ednimos, parece inevitable que durante el pr\u00f3ximo verano sufriremos por la falta de agua, pese a que el gobernador neg\u00f3 hace poco m\u00e1s de un mes que se fuera a racionar el l\u00edquido, se ha emitido una alerta por sequ\u00eda y el director de Agua y Drenaje de Monterrey admiti\u00f3 p\u00fablicamente la escasez del agua pese al matiz de se\u00f1alar que son condiciones c\u00edclicas que se presentan en la entidad, lo cual no le quita para nada lo cr\u00edtico a la situaci\u00f3n.<\/p>\n\n\n\n<p>Quiz\u00e1 debamos agradecer esta emergencia a quienes se opusieron a la construcci\u00f3n de Monterrey VI bajo el argumento, tan socorrido hoy en d\u00eda, de que ser\u00eda un proyecto plagado de corrupci\u00f3n, ocultando la lucha que enfrentaba a constructores locales con empresas nacionales.<\/p>\n\n\n\n<p>Al final de cuentas, las consecuencias tocan a nuestra puerta y quienes tanto da\u00f1o hicieron en este rubro, seguramente seguir\u00e1n dici\u00e9ndose a s\u00ed mismos que tuvieron raz\u00f3n en oponerse y que el pueblo, nosotros, paguemos las consecuencias.<\/p>\n","protected":false},"excerpt":{"rendered":"<p>Ra\u00fal Guajardo Cant\u00fa Desde la administraci\u00f3n de Rodrigo Medina se debi\u00f3 haber solucionado el problema que recurrentemente afecta a Nuevo Le\u00f3n por lo que respecta al suministro de agua potable, principalmente para el \u00e1rea metropolitana de Monterrey. En efecto, el vilipendiado proyecto Monterrey VI que traer\u00eda agua desde el P\u00e1nuco habr\u00eda sido una respuesta para [&hellip;]<\/p>\n","protected":false},"author":1,"featured_media":70905,"comment_status":"open","ping_status":"open","sticky":true,"template":"","format":"standard","meta":{"footnotes":""},"categories":[12,3],"tags":[],"_links":{"self":[{"href":"https:\/\/diariodigitalmx.com\/index.php\/wp-json\/wp\/v2\/posts\/70902"}],"collection":[{"href":"https:\/\/diariodigitalmx.com\/index.php\/wp-json\/wp\/v2\/posts"}],"about":[{"href":"https:\/\/diariodigitalmx.com\/index.php\/wp-json\/wp\/v2\/types\/post"}],"author":[{"embeddable":true,"href":"https:\/\/diariodigitalmx.com\/index.php\/wp-json\/wp\/v2\/users\/1"}],"replies":[{"embeddable":true,"href":"https:\/\/diariodigitalmx.com\/index.php\/wp-json\/wp\/v2\/comments?post=70902"}],"version-history":[{"count":1,"href":"https:\/\/diariodigitalmx.com\/index.php\/wp-json\/wp\/v2\/posts\/70902\/revisions"}],"predecessor-version":[{"id":70903,"href":"https:\/\/diariodigitalmx.com\/index.php\/wp-json\/wp\/v2\/posts\/70902\/revisions\/70903"}],"wp:featuredmedia":[{"embeddable":true,"href":"https:\/\/diariodigitalmx.com\/index.php\/wp-json\/wp\/v2\/media\/70905"}],"wp:attachment":[{"href":"https:\/\/diariodigitalmx.com\/index.php\/wp-json\/wp\/v2\/media?parent=70902"}],"wp:term":[{"taxonomy":"category","embeddable":true,"href":"https:\/\/diariodigitalmx.com\/index.php\/wp-json\/wp\/v2\/categories?post=70902"},{"taxonomy":"post_tag","embeddable":true,"href":"https:\/\/diariodigitalmx.com\/index.php\/wp-json\/wp\/v2\/tags?post=70902"}],"curies":[{"name":"wp","href":"https:\/\/api.w.org\/{rel}","templated":true}]}}