{"id":70917,"date":"2022-02-03T16:30:29","date_gmt":"2022-02-03T22:30:29","guid":{"rendered":"http:\/\/diariodigitalmx.com\/?p=70917"},"modified":"2022-02-03T16:31:33","modified_gmt":"2022-02-03T22:31:33","slug":"se-desploma-avioneta-en-nl","status":"publish","type":"post","link":"https:\/\/diariodigitalmx.com\/index.php\/2022\/02\/03\/se-desploma-avioneta-en-nl\/","title":{"rendered":"Se desploma avioneta en NL"},"content":{"rendered":"\n<p>Monterrey &#8211; Por una presunta falla en el motor, un avi\u00f3n Cessna tuvo que hacer un aterrizaje forzoso en el municipio de Zuazua.&nbsp;<\/p>\n\n\n\n<p>Protecci\u00f3n&nbsp; Civil de Nuevo&nbsp; Le\u00f3n inform\u00f3 que la aeronave es una avioneta tipo Cessna 172 color amarillo.<\/p>\n\n\n\n<p>El reporte indica que la avioneta con matr\u00edcula XB-LBP de la escuela de aeron\u00e1utica de Veracruz, tuvo fallas en un motor.<\/p>\n\n\n\n<p>La aeronave era tripulada por Luis Donaldo Garcia Garc\u00eda, y no se reportan personas lesionadas.<\/p>\n\n\n\n<figure class=\"wp-block-image size-large\"><img loading=\"lazy\" decoding=\"async\" width=\"960\" height=\"640\" src=\"http:\/\/diariodigitalmx.com\/wp-content\/uploads\/2022\/02\/IMG-20220203-WA0026.jpg\" alt=\"\" class=\"wp-image-70920\" srcset=\"https:\/\/diariodigitalmx.com\/wp-content\/uploads\/2022\/02\/IMG-20220203-WA0026.jpg 960w, https:\/\/diariodigitalmx.com\/wp-content\/uploads\/2022\/02\/IMG-20220203-WA0026-300x200.jpg 300w, https:\/\/diariodigitalmx.com\/wp-content\/uploads\/2022\/02\/IMG-20220203-WA0026-768x512.jpg 768w\" sizes=\"(max-width: 960px) 100vw, 960px\" \/><\/figure>\n\n\n\n<p>Elementos y unidades de diversas corporaciones acudieron en apoyo al aterrizaje forzoso.<\/p>\n\n\n\n<p>Zuazua se localiza al norte y es considerado municipio perif\u00e9rico o de ultracrecimiento, y aleda\u00f1o se localiza el aeropuerto Del Norte, hoy utilizado principalmente para vuelos privados.&nbsp;<\/p>\n\n\n\n<p>En las inmediaciones de esa regi\u00f3n, se han registrado en el a\u00f1o pasado, al menos tres desplomes de avionetas.&nbsp;<\/p>\n","protected":false},"excerpt":{"rendered":"<p>Monterrey &#8211; Por una presunta falla en el motor, un avi\u00f3n Cessna tuvo que hacer un aterrizaje forzoso en el municipio de Zuazua.&nbsp; Protecci\u00f3n&nbsp; Civil de Nuevo&nbsp; Le\u00f3n inform\u00f3 que la aeronave es una avioneta tipo Cessna 172 color amarillo. El reporte indica que la avioneta con matr\u00edcula XB-LBP de la escuela de aeron\u00e1utica de [&hellip;]<\/p>\n","protected":false},"author":1,"featured_media":70919,"comment_status":"open","ping_status":"open","sticky":true,"template":"","format":"standard","meta":{"footnotes":""},"categories":[5,7],"tags":[],"_links":{"self":[{"href":"https:\/\/diariodigitalmx.com\/index.php\/wp-json\/wp\/v2\/posts\/70917"}],"collection":[{"href":"https:\/\/diariodigitalmx.com\/index.php\/wp-json\/wp\/v2\/posts"}],"about":[{"href":"https:\/\/diariodigitalmx.com\/index.php\/wp-json\/wp\/v2\/types\/post"}],"author":[{"embeddable":true,"href":"https:\/\/diariodigitalmx.com\/index.php\/wp-json\/wp\/v2\/users\/1"}],"replies":[{"embeddable":true,"href":"https:\/\/diariodigitalmx.com\/index.php\/wp-json\/wp\/v2\/comments?post=70917"}],"version-history":[{"count":2,"href":"https:\/\/diariodigitalmx.com\/index.php\/wp-json\/wp\/v2\/posts\/70917\/revisions"}],"predecessor-version":[{"id":70921,"href":"https:\/\/diariodigitalmx.com\/index.php\/wp-json\/wp\/v2\/posts\/70917\/revisions\/70921"}],"wp:featuredmedia":[{"embeddable":true,"href":"https:\/\/diariodigitalmx.com\/index.php\/wp-json\/wp\/v2\/media\/70919"}],"wp:attachment":[{"href":"https:\/\/diariodigitalmx.com\/index.php\/wp-json\/wp\/v2\/media?parent=70917"}],"wp:term":[{"taxonomy":"category","embeddable":true,"href":"https:\/\/diariodigitalmx.com\/index.php\/wp-json\/wp\/v2\/categories?post=70917"},{"taxonomy":"post_tag","embeddable":true,"href":"https:\/\/diariodigitalmx.com\/index.php\/wp-json\/wp\/v2\/tags?post=70917"}],"curies":[{"name":"wp","href":"https:\/\/api.w.org\/{rel}","templated":true}]}}