{"id":7093,"date":"2019-07-02T14:11:59","date_gmt":"2019-07-02T19:11:59","guid":{"rendered":"http:\/\/diariodigitalmx.com\/?p=7093"},"modified":"2019-07-02T14:15:32","modified_gmt":"2019-07-02T19:15:32","slug":"estudiante-de-la-prepa-2-busca-conquistar-al-barsa","status":"publish","type":"post","link":"https:\/\/diariodigitalmx.com\/index.php\/2019\/07\/02\/estudiante-de-la-prepa-2-busca-conquistar-al-barsa\/","title":{"rendered":"Estudiante de la Prepa 2 busca conquistar al Barsa"},"content":{"rendered":"\n<h2 class=\"wp-block-heading\"><br><\/h2>\n\n\n\n<p><strong>*C\u00e9sar Ricardo Garza Resendez &nbsp;de tan solo 15 a\u00f1os, &nbsp;partir\u00e1 a Espa\u00f1a participar &nbsp;en el campamento de verano del Club de F\u00fatbol Barcelona a donde asisten j\u00f3venes de todo el mundo con la esperanza de convertirse en las futuras estrellas de los Blaugranas.<\/strong><br><\/p>\n\n\n\n<p>Por: Ra\u00fal Emigdio Guevara Ortiz.- Con apenas 15 a\u00f1os y con el sue\u00f1o de convertirse en una gran figura y trascender dentro del f\u00fatbol mundial, C\u00e9sar Ricardo Garza Resendez partir\u00e1 el pr\u00f3ximo 7 de julio a la ciudad de Barcelona, para participar &nbsp;dentro del FCB Escola Camp junto con j\u00f3venes de todo el mundo.<br><\/p>\n\n\n\n<p>Luego de estar como invitado en un campamento para j\u00f3venes en la Rep\u00fablica Dominicana el pasado mes de diciembre organizado por el propio &nbsp;club Blaugrana, C\u00e9sar Ricardo quien cursar\u00e1 el tercer semestre de bachillerato de la Preparatoria N\u00b0 2 de la UANL en el ciclo agosto \u2013diciembre 2019, recibi\u00f3 la invitaci\u00f3n &nbsp;del equipo espa\u00f1ol para participar este mes de julio dentro del Escola Camp.<\/p>\n\n\n\n<p><br><\/p>\n\n\n\n<figure class=\"wp-block-image\"><img loading=\"lazy\" decoding=\"async\" width=\"683\" height=\"1024\" src=\"http:\/\/diariodigitalmx.com\/wp-content\/uploads\/2019\/07\/IMG_7332-683x1024.jpg\" alt=\"\" class=\"wp-image-7099\" srcset=\"https:\/\/diariodigitalmx.com\/wp-content\/uploads\/2019\/07\/IMG_7332-683x1024.jpg 683w, https:\/\/diariodigitalmx.com\/wp-content\/uploads\/2019\/07\/IMG_7332-200x300.jpg 200w, https:\/\/diariodigitalmx.com\/wp-content\/uploads\/2019\/07\/IMG_7332-768x1152.jpg 768w\" sizes=\"(max-width: 683px) 100vw, 683px\" \/><\/figure>\n\n\n\n<p>\u201cYo juego f\u00fatbol desde que estaba en la primaria por lo que mis pap\u00e1s me metieron a la Academia &nbsp;Azul y Oro de Tigres &nbsp;de donde estuve por 4 a\u00f1os &nbsp;cuando cumpl\u00ed los 15 a\u00f1os me metieron a un campamento del Club Barcelona de donde me &nbsp;hicieron la invitaci\u00f3n para ir a jugar &nbsp;a un torneo en la &nbsp;Rep\u00fablica Dominicana de donde surgi\u00f3 la invitaci\u00f3n para integrarme al Club Pegasos de aqu\u00ed de Monterrey con quienes gan\u00e9 un campeonato en la ciudad de Mazatl\u00e1n y posteriormente &nbsp;a mi regreso recib\u00ed esta &nbsp;invitaci\u00f3n para acudir al Campamento en Espa\u00f1a\u201d, expres\u00f3 el joven &nbsp;bachiller de los Vaqueros de la Preparatoria N\u00b0 2 de la UANL &nbsp;donde destaca tambi\u00e9n por su aprovechamiento Acad\u00e9mico .<br><\/p>\n\n\n\n<p>A pesar de querer mucho los colores de su instituci\u00f3n educativa, C\u00e9sar Ricardo que se desempe\u00f1a en la cancha como carrilero derecho y dominar tambi\u00e9n la posici\u00f3n de medio, jam\u00e1s ha jugado con el equipo de los Vaqueros, debido a que los horarios de entrenamiento de su equipo &nbsp;no compaginan con los de su \u201calma mater\u201d.<br><\/p>\n\n\n\n<p>\u201cEn el Campamento al que voy acudir en &nbsp;Espa\u00f1a &nbsp;van a estar los Maestros de la Escuela Oficial del Barcelona quienes durante dos semanas nos van a observar\u201d dijo &nbsp;Garza Resendez quien siempre ha contado con el apoyo de su familia en sus sue\u00f1os de convertirse en una estrella del balompi\u00e9 mundial.<\/p>\n\n\n\n<p><br><\/p>\n\n\n\n<figure class=\"wp-block-image\"><img loading=\"lazy\" decoding=\"async\" width=\"945\" height=\"1024\" src=\"http:\/\/diariodigitalmx.com\/wp-content\/uploads\/2019\/07\/cesar-2-945x1024.jpg\" alt=\"\" class=\"wp-image-7102\" srcset=\"https:\/\/diariodigitalmx.com\/wp-content\/uploads\/2019\/07\/cesar-2-945x1024.jpg 945w, https:\/\/diariodigitalmx.com\/wp-content\/uploads\/2019\/07\/cesar-2-277x300.jpg 277w, https:\/\/diariodigitalmx.com\/wp-content\/uploads\/2019\/07\/cesar-2-768x832.jpg 768w, https:\/\/diariodigitalmx.com\/wp-content\/uploads\/2019\/07\/cesar-2.jpg 1867w\" sizes=\"(max-width: 945px) 100vw, 945px\" \/><\/figure>\n\n\n\n<p>Aunque la principal aspiraci\u00f3n de C\u00e9sar &nbsp;es &nbsp;lograr ser un gran futbolista profesional y trascender en su vida logrando sus metas y objetivos, &nbsp;quien en su apariencia f\u00edsica &nbsp;se asemeja &nbsp;&nbsp;a la de la \u201cpulga\u201d Leonel Messi a su edad, &nbsp;se declara &nbsp;tambi\u00e9n un ferviente admirador del jugador argentino, as\u00ed como del centrocampista Andr\u00e9s Iniesta y as\u00ed como del brasile\u00f1o Philippe Coutinho extremo izquierdo del Barca, tampoco pierde de vista el lograr convertirse en un gran profesionista universitario donde aspira convertirse en Ingeniero Industrial.<br><\/p>\n\n\n\n<p>La joven promesa del f\u00fatbol nacional C\u00e9sar Ricardo &nbsp;Garza Resendez acompa\u00f1ado de su mam\u00e1 acudi\u00f3 a las instalaciones de la Prepa 2 en la colonia Obispado, donde &nbsp;aprovech\u00f3 para &nbsp;tramitar su Beca que la instituci\u00f3n universitaria otorga a sus estudiantes destacados y buen promedio acad\u00e9mico, al igual que visit\u00f3 la cancha de f\u00fatbol de los Vaqueros, donde &nbsp;peloteando un bal\u00f3n y portando la playera deportiva, &nbsp;dejo entrever sus aspiraciones de llegar a integrar &nbsp;el equipo &nbsp;antes de concluir sus estudios, como alguna vez lo hicieron Francisco Javier \u201cEl Abuelo\u201d Cruz, Hugo S\u00e1nchez, Ra\u00fal y Ricardo Llanes Toro entre otros reconocidos futbolistas profesionales.<\/p>\n\n\n\n<p><\/p>\n\n\n\n<ul class=\"wp-block-gallery columns-3 is-cropped wp-block-gallery-1 is-layout-flex wp-block-gallery-is-layout-flex\"><li class=\"blocks-gallery-item\"><figure><img loading=\"lazy\" decoding=\"async\" width=\"683\" height=\"1024\" src=\"http:\/\/diariodigitalmx.com\/wp-content\/uploads\/2019\/07\/IMG_7324-683x1024.jpg\" alt=\"\" data-id=\"7105\" data-link=\"http:\/\/diariodigitalmx.com\/index.php\/2019\/07\/02\/estudiante-de-la-prepa-2-busca-conquistar-al-barsa\/img_7324\/\" class=\"wp-image-7105\" srcset=\"https:\/\/diariodigitalmx.com\/wp-content\/uploads\/2019\/07\/IMG_7324-683x1024.jpg 683w, https:\/\/diariodigitalmx.com\/wp-content\/uploads\/2019\/07\/IMG_7324-200x300.jpg 200w, https:\/\/diariodigitalmx.com\/wp-content\/uploads\/2019\/07\/IMG_7324-768x1152.jpg 768w\" sizes=\"(max-width: 683px) 100vw, 683px\" \/><\/figure><\/li><li class=\"blocks-gallery-item\"><figure><img loading=\"lazy\" decoding=\"async\" width=\"702\" height=\"1024\" src=\"http:\/\/diariodigitalmx.com\/wp-content\/uploads\/2019\/07\/CESAR-5-702x1024.jpg\" alt=\"\" data-id=\"7106\" data-link=\"http:\/\/diariodigitalmx.com\/index.php\/2019\/07\/02\/estudiante-de-la-prepa-2-busca-conquistar-al-barsa\/cesar-5\/\" class=\"wp-image-7106\" srcset=\"https:\/\/diariodigitalmx.com\/wp-content\/uploads\/2019\/07\/CESAR-5-702x1024.jpg 702w, https:\/\/diariodigitalmx.com\/wp-content\/uploads\/2019\/07\/CESAR-5-206x300.jpg 206w, https:\/\/diariodigitalmx.com\/wp-content\/uploads\/2019\/07\/CESAR-5-768x1120.jpg 768w, https:\/\/diariodigitalmx.com\/wp-content\/uploads\/2019\/07\/CESAR-5.jpg 878w\" sizes=\"(max-width: 702px) 100vw, 702px\" \/><\/figure><\/li><li class=\"blocks-gallery-item\"><figure><img loading=\"lazy\" decoding=\"async\" width=\"1024\" height=\"683\" src=\"http:\/\/diariodigitalmx.com\/wp-content\/uploads\/2019\/07\/cesar-3-1024x683.jpg\" alt=\"\" data-id=\"7107\" data-link=\"http:\/\/diariodigitalmx.com\/index.php\/2019\/07\/02\/estudiante-de-la-prepa-2-busca-conquistar-al-barsa\/cesar-3\/\" class=\"wp-image-7107\" srcset=\"https:\/\/diariodigitalmx.com\/wp-content\/uploads\/2019\/07\/cesar-3-1024x683.jpg 1024w, https:\/\/diariodigitalmx.com\/wp-content\/uploads\/2019\/07\/cesar-3-300x200.jpg 300w, https:\/\/diariodigitalmx.com\/wp-content\/uploads\/2019\/07\/cesar-3-768x512.jpg 768w\" sizes=\"(max-width: 1024px) 100vw, 1024px\" \/><\/figure><\/li><\/ul>\n","protected":false},"excerpt":{"rendered":"<p>*C\u00e9sar Ricardo Garza Resendez &nbsp;de tan solo 15 a\u00f1os, &nbsp;partir\u00e1 a Espa\u00f1a participar &nbsp;en el campamento de verano del Club de F\u00fatbol Barcelona a donde asisten j\u00f3venes de todo el mundo con la esperanza de convertirse en las futuras estrellas de los Blaugranas. Por: Ra\u00fal Emigdio Guevara Ortiz.- Con apenas 15 a\u00f1os y con el [&hellip;]<\/p>\n","protected":false},"author":1,"featured_media":7096,"comment_status":"open","ping_status":"open","sticky":true,"template":"","format":"standard","meta":{"footnotes":""},"categories":[8,14],"tags":[],"_links":{"self":[{"href":"https:\/\/diariodigitalmx.com\/index.php\/wp-json\/wp\/v2\/posts\/7093"}],"collection":[{"href":"https:\/\/diariodigitalmx.com\/index.php\/wp-json\/wp\/v2\/posts"}],"about":[{"href":"https:\/\/diariodigitalmx.com\/index.php\/wp-json\/wp\/v2\/types\/post"}],"author":[{"embeddable":true,"href":"https:\/\/diariodigitalmx.com\/index.php\/wp-json\/wp\/v2\/users\/1"}],"replies":[{"embeddable":true,"href":"https:\/\/diariodigitalmx.com\/index.php\/wp-json\/wp\/v2\/comments?post=7093"}],"version-history":[{"count":6,"href":"https:\/\/diariodigitalmx.com\/index.php\/wp-json\/wp\/v2\/posts\/7093\/revisions"}],"predecessor-version":[{"id":7108,"href":"https:\/\/diariodigitalmx.com\/index.php\/wp-json\/wp\/v2\/posts\/7093\/revisions\/7108"}],"wp:featuredmedia":[{"embeddable":true,"href":"https:\/\/diariodigitalmx.com\/index.php\/wp-json\/wp\/v2\/media\/7096"}],"wp:attachment":[{"href":"https:\/\/diariodigitalmx.com\/index.php\/wp-json\/wp\/v2\/media?parent=7093"}],"wp:term":[{"taxonomy":"category","embeddable":true,"href":"https:\/\/diariodigitalmx.com\/index.php\/wp-json\/wp\/v2\/categories?post=7093"},{"taxonomy":"post_tag","embeddable":true,"href":"https:\/\/diariodigitalmx.com\/index.php\/wp-json\/wp\/v2\/tags?post=7093"}],"curies":[{"name":"wp","href":"https:\/\/api.w.org\/{rel}","templated":true}]}}