{"id":70932,"date":"2022-02-04T08:06:52","date_gmt":"2022-02-04T14:06:52","guid":{"rendered":"http:\/\/diariodigitalmx.com\/?p=70932"},"modified":"2022-02-04T08:07:59","modified_gmt":"2022-02-04T14:07:59","slug":"de-frente-y-de-perfil-74","status":"publish","type":"post","link":"https:\/\/diariodigitalmx.com\/index.php\/2022\/02\/04\/de-frente-y-de-perfil-74\/","title":{"rendered":"De frente y de perfil"},"content":{"rendered":"\n<p>Ram\u00f3n Zurita Sahag\u00fan <\/p>\n\n\n\n<p>Se abarata la diplomacia mexicana <\/p>\n\n\n\n<p>La diplomacia mexicana ha merecido desde hace d\u00e9cadas reconocimiento de nivel mundial, salvo peque\u00f1os incidentes, aunque siempre se destacan los principios de la Doctrina Estrada.<br>Precisamente Genaro Estrada y Alfonso Garc\u00eda Robles lograron reconocimientos de nivel mundial. El primero con su Doctrina que es parte esencial de la diplomacia mexicana, basado en la sentencia de que ninguna naci\u00f3n pude intervenir en los asuntos internos de otro pa\u00eds. El segundo con el otorgamiento del Premio Nobel de la paz.<br>Pero la presencia diplom\u00e1tica mexicana se siente en distintas partes de la historia del Siglo XX, como la participaci\u00f3n de Gilberto Bosques, c\u00f3nsul mexicano en Francia que salv\u00f3 a miles de persona del exterminio nazi.<br>Curioso, pero si hay grandes nombres de los diplom\u00e1ticos mexicanos que son conocidos por sus acciones en la materia, por lo que llama la atenci\u00f3n que ahora se encuentren tan cuestionados los nombramientos de Embajadores y C\u00f3nsules propuestos por el Ejecutivo.<br>Si la designaci\u00f3n de ex gobernadores priistas gener\u00f3 protestas hasta de los propios dirigentes de ese partido, malestar que hasta la fecha no se encuentra diluido, el nombramiento de Embajador mexicano en Panam\u00e1 est\u00e1 dejando en claro como las cosas no ser\u00e1n tan f\u00e1ciles para los diplom\u00e1ticos improvisados.<br>Los priistas Quirino Ordaz, Claudia Pavlovich y Carlos Miguel Aysa, desconocen el mundo diplom\u00e1tico, aunque su sentido pol\u00edtico les servir\u00e1 para aleccionarse en ese sentido, sin llegar al extremo de Luis Videgaray, nombrado secretario de Relaciones Exteriores, quien declar\u00f3 que no sab\u00eda nada de diplomacia, pero que pod\u00eda aprender.<br>Mucho se especul\u00f3 que el nombramiento de Ordaz tard\u00f3 mucho ante la resistencia del gobierno espa\u00f1ol para su arribo, aunque finalmente se consigui\u00f3 el \u201cPl\u00e1cet\u201d.<br>Sin embargo, donde el gobierno mexicano ha encontrado una fortaleza es en Panam\u00e1, pa\u00eds al que van dos designaciones que no han sido bien recibidas. Primero fue objetado el historiador Pedro Salmer\u00f3n, por su historial de acoso tanto en su papel de maestro, como de dirigente pol\u00edtico, por lo que el gobierno paname\u00f1o neg\u00f3 su aprobaci\u00f3n como representante mexicano ante el gobierno de aquel pa\u00eds.<br>De inmediato se design\u00f3 a Jesusa Rodr\u00edguez una activista y militante de MORENA, quien se distingue en los escenarios por presentar una cr\u00edtica social en sus espect\u00e1culos. Jesusa es una seguidora del Presidente L\u00f3pez Obrador durante sus a\u00f1os de activismo pol\u00edtico y fungi\u00f3 como senadora, ya que lleg\u00f3 al Legislativo como suplente de Olga S\u00e1nchez Cordero, mientras esta se desempe\u00f1aba como secretaria de Gobernaci\u00f3n.<br>El nombramiento de la senadora suplente no fue bien acogido en diversos c\u00edrculos del pa\u00eds en el que se ubica el famoso canal.<br>La Alianza Paname\u00f1a por la Vida y la Familia rechaz\u00f3 la designaci\u00f3n de la senadora Jesusa Rodr\u00edguez como embajadora ante el gobierno de Panam\u00e1, por \u201crepresentar todo lo contrario a los valores sobre los que se fund\u00f3 nuestra naci\u00f3n\u201d. \u201cNo aceptaremos que a nuestro pa\u00eds se le env\u00ede todo lo que estorba\u201d, recalc\u00f3 el grupo.<br>En ese sentido, solicit\u00f3 que \u201cas\u00ed como se rechaz\u00f3 a un acosador, se rechace a una abortista, defensora de la marihuana, quien, adem\u00e1s, ha demostrado no tener ning\u00fan respeto por las creencias religiosas de un pueblo como M\u00e9xico al representar a Sor Juana In\u00e9s de la Cruz en marchas del orgullo gay\u201d.<\/p>\n\n\n\n<p>La Alianza, al mismo tiempo, manifest\u00f3 que comparte los comentarios del ex Presidente Felipe Calder\u00f3n, al preguntar: \u00bfPero qu\u00e9 cosa nos han hecho los paname\u00f1os, sino tratarnos bien?<\/p>\n\n\n\n<p>Por tanto, se\u00f1or Presidente (Laurentino Cortizo), Panam\u00e1, representado por usted, no tiene precio, no se merece ser tratado con la falta de respeto con la que el se\u00f1or L\u00f3pez Obrador, pretende seguir tratando. En usted confiamos para que nos represente con dignidad, recalca dicha alianza.<\/p>\n\n\n\n<p>En un mensaje publicado en twitter, el ex Presidente de Panam\u00e1, Ernesto P\u00e9rez Balladares, consider\u00f3: la actitud del se\u00f1or L\u00f3pez Obrador en cuanto a la designaci\u00f3n de su representante en nuestro pa\u00eds es infantil. Somos un pa\u00eds peque\u00f1o, pero digno y valiente. M\u00e1s nos necesita M\u00e9xico s nosotros que nosotros a M\u00e9xico, dijo<\/p>\n\n\n\n<pre class=\"wp-block-code\"><code>                                        \u2026\u2026\u2026\u2026\u2026\u2026.. <\/code><\/pre>\n\n\n\n<p>Dicen que para colmo de males en lo deportivo tambi\u00e9n hay molestias, el equipo mexicano de b\u00e9isbol sac\u00f3 de la Serie del Caribe al de Panam\u00e1 y por segunda ocasi\u00f3n se castiga a los futbolistas paname\u00f1os con un penalti cuestionable en el deporte de las patadas.<\/p>\n\n\n\n<p>Email: ramonzurita44@hotmail.com<\/p>\n","protected":false},"excerpt":{"rendered":"<p>Ram\u00f3n Zurita Sahag\u00fan Se abarata la diplomacia mexicana La diplomacia mexicana ha merecido desde hace d\u00e9cadas reconocimiento de nivel mundial, salvo peque\u00f1os incidentes, aunque siempre se destacan los principios de la Doctrina Estrada.Precisamente Genaro Estrada y Alfonso Garc\u00eda Robles lograron reconocimientos de nivel mundial. El primero con su Doctrina que es parte esencial de la [&hellip;]<\/p>\n","protected":false},"author":1,"featured_media":70934,"comment_status":"open","ping_status":"open","sticky":true,"template":"","format":"standard","meta":{"footnotes":""},"categories":[12,5],"tags":[],"_links":{"self":[{"href":"https:\/\/diariodigitalmx.com\/index.php\/wp-json\/wp\/v2\/posts\/70932"}],"collection":[{"href":"https:\/\/diariodigitalmx.com\/index.php\/wp-json\/wp\/v2\/posts"}],"about":[{"href":"https:\/\/diariodigitalmx.com\/index.php\/wp-json\/wp\/v2\/types\/post"}],"author":[{"embeddable":true,"href":"https:\/\/diariodigitalmx.com\/index.php\/wp-json\/wp\/v2\/users\/1"}],"replies":[{"embeddable":true,"href":"https:\/\/diariodigitalmx.com\/index.php\/wp-json\/wp\/v2\/comments?post=70932"}],"version-history":[{"count":1,"href":"https:\/\/diariodigitalmx.com\/index.php\/wp-json\/wp\/v2\/posts\/70932\/revisions"}],"predecessor-version":[{"id":70933,"href":"https:\/\/diariodigitalmx.com\/index.php\/wp-json\/wp\/v2\/posts\/70932\/revisions\/70933"}],"wp:featuredmedia":[{"embeddable":true,"href":"https:\/\/diariodigitalmx.com\/index.php\/wp-json\/wp\/v2\/media\/70934"}],"wp:attachment":[{"href":"https:\/\/diariodigitalmx.com\/index.php\/wp-json\/wp\/v2\/media?parent=70932"}],"wp:term":[{"taxonomy":"category","embeddable":true,"href":"https:\/\/diariodigitalmx.com\/index.php\/wp-json\/wp\/v2\/categories?post=70932"},{"taxonomy":"post_tag","embeddable":true,"href":"https:\/\/diariodigitalmx.com\/index.php\/wp-json\/wp\/v2\/tags?post=70932"}],"curies":[{"name":"wp","href":"https:\/\/api.w.org\/{rel}","templated":true}]}}