{"id":70938,"date":"2022-02-04T08:40:16","date_gmt":"2022-02-04T14:40:16","guid":{"rendered":"http:\/\/diariodigitalmx.com\/?p=70938"},"modified":"2022-02-04T08:41:47","modified_gmt":"2022-02-04T14:41:47","slug":"estoy-fuera","status":"publish","type":"post","link":"https:\/\/diariodigitalmx.com\/index.php\/2022\/02\/04\/estoy-fuera\/","title":{"rendered":"Estoy fuera"},"content":{"rendered":"\n<p>Arturo El\u00edas Ayub se va de Shark Tank.&nbsp;<\/p>\n\n\n\n<p>Estoy fuera, inform\u00f3 el empresario mexicano que goza de gran carisma y quien por seis temporadas del programa televisivo estuvo como inversionista para impulsar proyectos productivos.&nbsp;<\/p>\n\n\n\n<p>El\u00edas Ayub no da informes detallados de su retiro del programa que produce Sony Pictures Television, SPT Networks y Claro Video, pero s\u00ed se\u00f1ala que cumpli\u00f3 un ciclo.<\/p>\n\n\n\n<figure class=\"wp-block-image size-large\"><img loading=\"lazy\" decoding=\"async\" width=\"728\" height=\"1024\" src=\"http:\/\/diariodigitalmx.com\/wp-content\/uploads\/2022\/02\/Screenshot_20220204_083803_com.facebook.katana3-728x1024.jpg\" alt=\"\" class=\"wp-image-70941\" srcset=\"https:\/\/diariodigitalmx.com\/wp-content\/uploads\/2022\/02\/Screenshot_20220204_083803_com.facebook.katana3-728x1024.jpg 728w, https:\/\/diariodigitalmx.com\/wp-content\/uploads\/2022\/02\/Screenshot_20220204_083803_com.facebook.katana3-213x300.jpg 213w, https:\/\/diariodigitalmx.com\/wp-content\/uploads\/2022\/02\/Screenshot_20220204_083803_com.facebook.katana3-768x1080.jpg 768w, https:\/\/diariodigitalmx.com\/wp-content\/uploads\/2022\/02\/Screenshot_20220204_083803_com.facebook.katana3.jpg 1032w\" sizes=\"(max-width: 728px) 100vw, 728px\" \/><\/figure>\n\n\n\n<p>&#8220;Me encant\u00f3 haber estado en 6 temporadas de Shark Tank Mex , la producci\u00f3n incre\u00edble&nbsp; ,mis compa\u00f1eros Sharks tipaz@s, los proyectos padr\u00edsimos, la audiencia ca\u00f1onsisima , los fans impresionantes (GRACIAS A TODOS) pero para m\u00ed se cumpli\u00f3 un ciclo y por esa raz\u00f3n yo \u2026&#8221;, escribi\u00f3 en sus redes sociales.&nbsp;<\/p>\n\n\n\n<p>Al final del mensaje aparece una fotograf\u00eda de \u00e9l con la frase con la que rechazaba a los participantes: &#8220;Estoy fuera&#8221;.<\/p>\n\n\n\n<p>La s\u00e9ptima temporada de Shark Tank tendr\u00e1 nuevos tiburones<\/p>\n","protected":false},"excerpt":{"rendered":"<p>Arturo El\u00edas Ayub se va de Shark Tank.&nbsp; Estoy fuera, inform\u00f3 el empresario mexicano que goza de gran carisma y quien por seis temporadas del programa televisivo estuvo como inversionista para impulsar proyectos productivos.&nbsp; El\u00edas Ayub no da informes detallados de su retiro del programa que produce Sony Pictures Television, SPT Networks y Claro Video, [&hellip;]<\/p>\n","protected":false},"author":1,"featured_media":70940,"comment_status":"open","ping_status":"open","sticky":true,"template":"","format":"standard","meta":{"footnotes":""},"categories":[14,10],"tags":[],"_links":{"self":[{"href":"https:\/\/diariodigitalmx.com\/index.php\/wp-json\/wp\/v2\/posts\/70938"}],"collection":[{"href":"https:\/\/diariodigitalmx.com\/index.php\/wp-json\/wp\/v2\/posts"}],"about":[{"href":"https:\/\/diariodigitalmx.com\/index.php\/wp-json\/wp\/v2\/types\/post"}],"author":[{"embeddable":true,"href":"https:\/\/diariodigitalmx.com\/index.php\/wp-json\/wp\/v2\/users\/1"}],"replies":[{"embeddable":true,"href":"https:\/\/diariodigitalmx.com\/index.php\/wp-json\/wp\/v2\/comments?post=70938"}],"version-history":[{"count":2,"href":"https:\/\/diariodigitalmx.com\/index.php\/wp-json\/wp\/v2\/posts\/70938\/revisions"}],"predecessor-version":[{"id":70942,"href":"https:\/\/diariodigitalmx.com\/index.php\/wp-json\/wp\/v2\/posts\/70938\/revisions\/70942"}],"wp:featuredmedia":[{"embeddable":true,"href":"https:\/\/diariodigitalmx.com\/index.php\/wp-json\/wp\/v2\/media\/70940"}],"wp:attachment":[{"href":"https:\/\/diariodigitalmx.com\/index.php\/wp-json\/wp\/v2\/media?parent=70938"}],"wp:term":[{"taxonomy":"category","embeddable":true,"href":"https:\/\/diariodigitalmx.com\/index.php\/wp-json\/wp\/v2\/categories?post=70938"},{"taxonomy":"post_tag","embeddable":true,"href":"https:\/\/diariodigitalmx.com\/index.php\/wp-json\/wp\/v2\/tags?post=70938"}],"curies":[{"name":"wp","href":"https:\/\/api.w.org\/{rel}","templated":true}]}}