{"id":70956,"date":"2022-02-04T10:12:17","date_gmt":"2022-02-04T16:12:17","guid":{"rendered":"http:\/\/diariodigitalmx.com\/?p=70956"},"modified":"2022-02-04T10:14:40","modified_gmt":"2022-02-04T16:14:40","slug":"que-frio","status":"publish","type":"post","link":"https:\/\/diariodigitalmx.com\/index.php\/2022\/02\/04\/que-frio\/","title":{"rendered":"\u00a1Que fr\u00edo\u00a1"},"content":{"rendered":"\n<p>Monterrey &#8211;&nbsp; Con el descenso de la temperatura se report\u00f3 la presencia de aguanieve en las partes altas de la zona metropolitana de Monterrey.&nbsp;<\/p>\n\n\n\n<p>Elementos de&nbsp; Protecci\u00f3n Civil estatal esparcieron sal sobre la carpeta asf\u00e1ltica&nbsp; de la Autopista a Saltillo, donde se present\u00f3 el hielo para evitar alg\u00fan accidente.<\/p>\n\n\n\n<figure class=\"wp-block-image size-large\"><img loading=\"lazy\" decoding=\"async\" width=\"1024\" height=\"558\" src=\"http:\/\/diariodigitalmx.com\/wp-content\/uploads\/2022\/02\/Screenshot_20220204_100008_com.facebook.katana2-1024x558.jpg\" alt=\"\" class=\"wp-image-70959\" srcset=\"https:\/\/diariodigitalmx.com\/wp-content\/uploads\/2022\/02\/Screenshot_20220204_100008_com.facebook.katana2-1024x558.jpg 1024w, https:\/\/diariodigitalmx.com\/wp-content\/uploads\/2022\/02\/Screenshot_20220204_100008_com.facebook.katana2-300x163.jpg 300w, https:\/\/diariodigitalmx.com\/wp-content\/uploads\/2022\/02\/Screenshot_20220204_100008_com.facebook.katana2-768x418.jpg 768w, https:\/\/diariodigitalmx.com\/wp-content\/uploads\/2022\/02\/Screenshot_20220204_100008_com.facebook.katana2.jpg 1080w\" sizes=\"(max-width: 1024px) 100vw, 1024px\" \/><\/figure>\n\n\n\n<p>La formaci\u00f3n de hielo y pavimento resbaladizo fue reportado por automovilistas.&nbsp;<\/p>\n\n\n\n<p>En el municipio de San Pedro Garza Garc\u00eda en las zonas residenciales ubicadas en el paraje Chipinque y parte de la Sierra Madre Oriental, los vecinos reportaron hielo y aguanieve.<\/p>\n\n\n\n<figure class=\"wp-block-image size-large\"><img loading=\"lazy\" decoding=\"async\" width=\"960\" height=\"640\" src=\"http:\/\/diariodigitalmx.com\/wp-content\/uploads\/2022\/02\/5193067.jpg\" alt=\"\" class=\"wp-image-70961\" srcset=\"https:\/\/diariodigitalmx.com\/wp-content\/uploads\/2022\/02\/5193067.jpg 960w, https:\/\/diariodigitalmx.com\/wp-content\/uploads\/2022\/02\/5193067-300x200.jpg 300w, https:\/\/diariodigitalmx.com\/wp-content\/uploads\/2022\/02\/5193067-768x512.jpg 768w\" sizes=\"(max-width: 960px) 100vw, 960px\" \/><\/figure>\n\n\n\n<p>Tambi\u00e9n se estableci\u00f3 el apoyo a las personas que est\u00e1n en situaci\u00f3n de calle y que rechazan acudir a un albergue, por lo que se les llev\u00f3 cobijas, caf\u00e9, chocolate y pan.<\/p>\n\n\n\n<figure class=\"wp-block-gallery columns-3 is-cropped wp-block-gallery-1 is-layout-flex wp-block-gallery-is-layout-flex\"><ul class=\"blocks-gallery-grid\"><li class=\"blocks-gallery-item\"><figure><img loading=\"lazy\" decoding=\"async\" width=\"1024\" height=\"766\" src=\"http:\/\/diariodigitalmx.com\/wp-content\/uploads\/2022\/02\/FB_IMG_1643990220362-1024x766.jpg\" alt=\"\" data-id=\"70963\" data-full-url=\"http:\/\/diariodigitalmx.com\/wp-content\/uploads\/2022\/02\/FB_IMG_1643990220362.jpg\" data-link=\"http:\/\/diariodigitalmx.com\/index.php\/2022\/02\/04\/que-frio\/fb_img_1643990220362\/\" class=\"wp-image-70963\" srcset=\"https:\/\/diariodigitalmx.com\/wp-content\/uploads\/2022\/02\/FB_IMG_1643990220362-1024x766.jpg 1024w, https:\/\/diariodigitalmx.com\/wp-content\/uploads\/2022\/02\/FB_IMG_1643990220362-300x224.jpg 300w, https:\/\/diariodigitalmx.com\/wp-content\/uploads\/2022\/02\/FB_IMG_1643990220362-768x575.jpg 768w, https:\/\/diariodigitalmx.com\/wp-content\/uploads\/2022\/02\/FB_IMG_1643990220362.jpg 1080w\" sizes=\"(max-width: 1024px) 100vw, 1024px\" \/><\/figure><\/li><li class=\"blocks-gallery-item\"><figure><img loading=\"lazy\" decoding=\"async\" width=\"1024\" height=\"576\" src=\"http:\/\/diariodigitalmx.com\/wp-content\/uploads\/2022\/02\/FB_IMG_1643990199916-1024x576.jpg\" alt=\"\" data-id=\"70964\" data-full-url=\"http:\/\/diariodigitalmx.com\/wp-content\/uploads\/2022\/02\/FB_IMG_1643990199916.jpg\" data-link=\"http:\/\/diariodigitalmx.com\/index.php\/2022\/02\/04\/que-frio\/fb_img_1643990199916\/\" class=\"wp-image-70964\" srcset=\"https:\/\/diariodigitalmx.com\/wp-content\/uploads\/2022\/02\/FB_IMG_1643990199916-1024x576.jpg 1024w, https:\/\/diariodigitalmx.com\/wp-content\/uploads\/2022\/02\/FB_IMG_1643990199916-300x169.jpg 300w, https:\/\/diariodigitalmx.com\/wp-content\/uploads\/2022\/02\/FB_IMG_1643990199916-768x432.jpg 768w, https:\/\/diariodigitalmx.com\/wp-content\/uploads\/2022\/02\/FB_IMG_1643990199916.jpg 1080w\" sizes=\"(max-width: 1024px) 100vw, 1024px\" \/><\/figure><\/li><li class=\"blocks-gallery-item\"><figure><img loading=\"lazy\" decoding=\"async\" width=\"1024\" height=\"768\" src=\"http:\/\/diariodigitalmx.com\/wp-content\/uploads\/2022\/02\/FB_IMG_1643990197038-1024x768.jpg\" alt=\"\" data-id=\"70965\" data-full-url=\"http:\/\/diariodigitalmx.com\/wp-content\/uploads\/2022\/02\/FB_IMG_1643990197038.jpg\" data-link=\"http:\/\/diariodigitalmx.com\/index.php\/2022\/02\/04\/que-frio\/fb_img_1643990197038\/\" class=\"wp-image-70965\" srcset=\"https:\/\/diariodigitalmx.com\/wp-content\/uploads\/2022\/02\/FB_IMG_1643990197038-1024x768.jpg 1024w, https:\/\/diariodigitalmx.com\/wp-content\/uploads\/2022\/02\/FB_IMG_1643990197038-300x225.jpg 300w, https:\/\/diariodigitalmx.com\/wp-content\/uploads\/2022\/02\/FB_IMG_1643990197038-768x576.jpg 768w, https:\/\/diariodigitalmx.com\/wp-content\/uploads\/2022\/02\/FB_IMG_1643990197038.jpg 1080w\" sizes=\"(max-width: 1024px) 100vw, 1024px\" \/><\/figure><\/li><\/ul><\/figure>\n\n\n\n<p>Las temperaturas son de un d\u00edgito y casi est\u00e1n al punto de congelaci\u00f3n, y de acuerdo a los pron\u00f3sticos, seguir\u00e1n por lo menos tres d\u00edas m\u00e1s.&nbsp;<\/p>\n\n\n\n<p>Las autoridades solicitan a la poblaci\u00f3n tomar precauciones y si no hay necesidad, no salir de casa.&nbsp;<\/p>\n","protected":false},"excerpt":{"rendered":"<p>Monterrey &#8211;&nbsp; Con el descenso de la temperatura se report\u00f3 la presencia de aguanieve en las partes altas de la zona metropolitana de Monterrey.&nbsp; Elementos de&nbsp; Protecci\u00f3n Civil estatal esparcieron sal sobre la carpeta asf\u00e1ltica&nbsp; de la Autopista a Saltillo, donde se present\u00f3 el hielo para evitar alg\u00fan accidente. La formaci\u00f3n de hielo y pavimento [&hellip;]<\/p>\n","protected":false},"author":1,"featured_media":70958,"comment_status":"open","ping_status":"open","sticky":true,"template":"","format":"standard","meta":{"footnotes":""},"categories":[6,3],"tags":[],"_links":{"self":[{"href":"https:\/\/diariodigitalmx.com\/index.php\/wp-json\/wp\/v2\/posts\/70956"}],"collection":[{"href":"https:\/\/diariodigitalmx.com\/index.php\/wp-json\/wp\/v2\/posts"}],"about":[{"href":"https:\/\/diariodigitalmx.com\/index.php\/wp-json\/wp\/v2\/types\/post"}],"author":[{"embeddable":true,"href":"https:\/\/diariodigitalmx.com\/index.php\/wp-json\/wp\/v2\/users\/1"}],"replies":[{"embeddable":true,"href":"https:\/\/diariodigitalmx.com\/index.php\/wp-json\/wp\/v2\/comments?post=70956"}],"version-history":[{"count":4,"href":"https:\/\/diariodigitalmx.com\/index.php\/wp-json\/wp\/v2\/posts\/70956\/revisions"}],"predecessor-version":[{"id":70966,"href":"https:\/\/diariodigitalmx.com\/index.php\/wp-json\/wp\/v2\/posts\/70956\/revisions\/70966"}],"wp:featuredmedia":[{"embeddable":true,"href":"https:\/\/diariodigitalmx.com\/index.php\/wp-json\/wp\/v2\/media\/70958"}],"wp:attachment":[{"href":"https:\/\/diariodigitalmx.com\/index.php\/wp-json\/wp\/v2\/media?parent=70956"}],"wp:term":[{"taxonomy":"category","embeddable":true,"href":"https:\/\/diariodigitalmx.com\/index.php\/wp-json\/wp\/v2\/categories?post=70956"},{"taxonomy":"post_tag","embeddable":true,"href":"https:\/\/diariodigitalmx.com\/index.php\/wp-json\/wp\/v2\/tags?post=70956"}],"curies":[{"name":"wp","href":"https:\/\/api.w.org\/{rel}","templated":true}]}}