{"id":70970,"date":"2022-02-04T16:47:21","date_gmt":"2022-02-04T22:47:21","guid":{"rendered":"http:\/\/diariodigitalmx.com\/?p=70970"},"modified":"2022-02-04T16:50:02","modified_gmt":"2022-02-04T22:50:02","slug":"tiene-cerro-de-la-silla-un-manto-blanco-seguira-el-frio","status":"publish","type":"post","link":"https:\/\/diariodigitalmx.com\/index.php\/2022\/02\/04\/tiene-cerro-de-la-silla-un-manto-blanco-seguira-el-frio\/","title":{"rendered":"Tiene cerro de La Silla un manto blanco; seguir\u00e1 el fr\u00edo"},"content":{"rendered":"\n<p>Walter Elizondo <\/p>\n\n\n\n<p>Monterrey &#8211; Al continuar las bajas temperaturas el cerro de La Silla tiene ya en la parte alta una escarcha de hielo.<\/p>\n\n\n\n<p>Adem\u00e1s,\u00a0 zonas serranas de otros municipios como Santiago y Galeana, en el cerro El Potos\u00ed, tambi\u00e9n presentan un manto blanco, mientras elementos de Protecci\u00f3n Civil del Estado han desplegado un operativo de ayuda a indigentes y habitantes de comunidades rurales.<\/p>\n\n\n\n<figure class=\"wp-block-image size-large\"><img loading=\"lazy\" decoding=\"async\" width=\"960\" height=\"720\" src=\"http:\/\/diariodigitalmx.com\/wp-content\/uploads\/2022\/02\/FB_IMG_1644014215683.jpg\" alt=\"\" class=\"wp-image-70973\" srcset=\"https:\/\/diariodigitalmx.com\/wp-content\/uploads\/2022\/02\/FB_IMG_1644014215683.jpg 960w, https:\/\/diariodigitalmx.com\/wp-content\/uploads\/2022\/02\/FB_IMG_1644014215683-300x225.jpg 300w, https:\/\/diariodigitalmx.com\/wp-content\/uploads\/2022\/02\/FB_IMG_1644014215683-768x576.jpg 768w\" sizes=\"(max-width: 960px) 100vw, 960px\" \/><\/figure>\n\n\n\n<p>&#8220;Desplegamos nuestras unidades para implementar Operativo Carrusel en lo alto del Cerro del Potos\u00ed, en Galeana y \u00e1rea metropolitana. Se realiz\u00f3 un operativo para visitar las comunidades de Alfredo V. Buenfil, Betania y San Jos\u00e9 de la Joya&#8221;, explic\u00f3 Protecci\u00f3n Civil.<\/p>\n\n\n\n<p>En coordinaci\u00f3n con la Secretaria de Igualdad e Inclusi\u00f3n, se entregaron cobertores, ropa, calcetas y chocolate caliente.<\/p>\n\n\n\n<figure class=\"wp-block-image size-large\"><img loading=\"lazy\" decoding=\"async\" width=\"576\" height=\"1024\" src=\"http:\/\/diariodigitalmx.com\/wp-content\/uploads\/2022\/02\/FB_IMG_1644014264557-576x1024.jpg\" alt=\"\" class=\"wp-image-70975\" srcset=\"https:\/\/diariodigitalmx.com\/wp-content\/uploads\/2022\/02\/FB_IMG_1644014264557-576x1024.jpg 576w, https:\/\/diariodigitalmx.com\/wp-content\/uploads\/2022\/02\/FB_IMG_1644014264557-169x300.jpg 169w, https:\/\/diariodigitalmx.com\/wp-content\/uploads\/2022\/02\/FB_IMG_1644014264557-768x1365.jpg 768w, https:\/\/diariodigitalmx.com\/wp-content\/uploads\/2022\/02\/FB_IMG_1644014264557-864x1536.jpg 864w, https:\/\/diariodigitalmx.com\/wp-content\/uploads\/2022\/02\/FB_IMG_1644014264557.jpg 900w\" sizes=\"(max-width: 576px) 100vw, 576px\" \/><\/figure>\n\n\n\n<p>Ante el paso del sistema frontal N.28, se registran temperaturas desde temprana hora de 1-2 grados cent\u00edgrados, y en algunos sectores se present\u00f3 ca\u00edda de aguanieve.<\/p>\n\n\n\n<p>A nivel estatal se lleva a cabo la coordinaci\u00f3n con las unidades municipales de Protecci\u00f3n Civil.<\/p>\n\n\n\n<figure class=\"wp-block-image size-large\"><img loading=\"lazy\" decoding=\"async\" width=\"576\" height=\"1024\" src=\"http:\/\/diariodigitalmx.com\/wp-content\/uploads\/2022\/02\/FB_IMG_1644009377639-576x1024.jpg\" alt=\"\" class=\"wp-image-70977\" srcset=\"https:\/\/diariodigitalmx.com\/wp-content\/uploads\/2022\/02\/FB_IMG_1644009377639-576x1024.jpg 576w, https:\/\/diariodigitalmx.com\/wp-content\/uploads\/2022\/02\/FB_IMG_1644009377639-169x300.jpg 169w, https:\/\/diariodigitalmx.com\/wp-content\/uploads\/2022\/02\/FB_IMG_1644009377639.jpg 720w\" sizes=\"(max-width: 576px) 100vw, 576px\" \/><\/figure>\n\n\n\n<p>Tambi\u00e9n se mantiene permanente el monitoreo de carreteras en coordinaci\u00f3n con Guardia&nbsp; Nacional divisi\u00f3n Carreteras.<\/p>\n\n\n\n<p>Las temperaturas bajas se mantendr\u00e1n en el \u00e1rea metropolitana, as\u00ed como el operativo Carrusel ante el paso del frente fr\u00edo 28.&nbsp;<\/p>\n\n\n\n<p>En el \u00e1rea metropolitana se realiza el Operativo Carrusel para detectar y atender a personas en situaci\u00f3n de calle.<\/p>\n","protected":false},"excerpt":{"rendered":"<p>Walter Elizondo Monterrey &#8211; Al continuar las bajas temperaturas el cerro de La Silla tiene ya en la parte alta una escarcha de hielo. Adem\u00e1s,\u00a0 zonas serranas de otros municipios como Santiago y Galeana, en el cerro El Potos\u00ed, tambi\u00e9n presentan un manto blanco, mientras elementos de Protecci\u00f3n Civil del Estado han desplegado un operativo [&hellip;]<\/p>\n","protected":false},"author":1,"featured_media":70972,"comment_status":"open","ping_status":"open","sticky":true,"template":"","format":"standard","meta":{"footnotes":""},"categories":[6,3],"tags":[],"_links":{"self":[{"href":"https:\/\/diariodigitalmx.com\/index.php\/wp-json\/wp\/v2\/posts\/70970"}],"collection":[{"href":"https:\/\/diariodigitalmx.com\/index.php\/wp-json\/wp\/v2\/posts"}],"about":[{"href":"https:\/\/diariodigitalmx.com\/index.php\/wp-json\/wp\/v2\/types\/post"}],"author":[{"embeddable":true,"href":"https:\/\/diariodigitalmx.com\/index.php\/wp-json\/wp\/v2\/users\/1"}],"replies":[{"embeddable":true,"href":"https:\/\/diariodigitalmx.com\/index.php\/wp-json\/wp\/v2\/comments?post=70970"}],"version-history":[{"count":4,"href":"https:\/\/diariodigitalmx.com\/index.php\/wp-json\/wp\/v2\/posts\/70970\/revisions"}],"predecessor-version":[{"id":70978,"href":"https:\/\/diariodigitalmx.com\/index.php\/wp-json\/wp\/v2\/posts\/70970\/revisions\/70978"}],"wp:featuredmedia":[{"embeddable":true,"href":"https:\/\/diariodigitalmx.com\/index.php\/wp-json\/wp\/v2\/media\/70972"}],"wp:attachment":[{"href":"https:\/\/diariodigitalmx.com\/index.php\/wp-json\/wp\/v2\/media?parent=70970"}],"wp:term":[{"taxonomy":"category","embeddable":true,"href":"https:\/\/diariodigitalmx.com\/index.php\/wp-json\/wp\/v2\/categories?post=70970"},{"taxonomy":"post_tag","embeddable":true,"href":"https:\/\/diariodigitalmx.com\/index.php\/wp-json\/wp\/v2\/tags?post=70970"}],"curies":[{"name":"wp","href":"https:\/\/api.w.org\/{rel}","templated":true}]}}