{"id":70986,"date":"2022-02-05T01:21:12","date_gmt":"2022-02-05T07:21:12","guid":{"rendered":"http:\/\/diariodigitalmx.com\/?p=70986"},"modified":"2022-02-05T01:30:00","modified_gmt":"2022-02-05T07:30:00","slug":"da-samuel-atole-con-el-dedo","status":"publish","type":"post","link":"https:\/\/diariodigitalmx.com\/index.php\/2022\/02\/05\/da-samuel-atole-con-el-dedo\/","title":{"rendered":"Da Samuel \u201catole con el dedo\u201d"},"content":{"rendered":"\n<p><\/p>\n\n\n\n<p>Por Salvador Hern\u00e1ndez <strong><em>LANDEROS<\/em><\/strong><\/p>\n\n\n\n<p><strong><em>Porque ocurrir a la noticia para hacer una farsa de algo que est\u00e1 en la Ley y en el ordenamiento constitucional de un Estado como Nuevo Le\u00f3n.<\/em><\/strong><\/p>\n\n\n\n<p>Sus habitantes <strong><em>no merecen que el gobernador est\u00e9 dando \u201catole con el dedo\u201d<\/em><\/strong> al anunciar que proceder\u00e1 penalmente contra la administraci\u00f3n anterior.<\/p>\n\n\n\n<p>Una administraci\u00f3n p\u00fablica, como la que opera actualmente, <strong><em>la podr\u00edamos comparar con un establo donde abundan las vacas y, hasta uno que otro buey<\/em><\/strong>.<\/p>\n\n\n\n<p>Hay un dicho que dice que, <strong><em>\u201ctanto peca el que mata a la vaca, como el que le amarra la pata\u201d<\/em><\/strong> y \u00e9ste le viene al dedo a la administraci\u00f3n de Samuel Garc\u00eda.<\/p>\n\n\n\n<p>No se vale que el jovenazo Gober salga a decir ante c\u00e1maras de noticieros <strong><em>que denunciar\u00e1 a la administraci\u00f3n de \u201cEl Bronco\u201d por los vagones del Metro<\/em><\/strong>.<\/p>\n\n\n\n<p>Antes, tambi\u00e9n ante c\u00e1maras televisivas, <strong><em>denunci\u00f3 que se hab\u00edan robado m\u00e1s de 300 millones de pesos en el pago de inexistentes vacunas contra Covid-19<\/em><\/strong>.<\/p>\n\n\n\n<p><strong><em>Su mismo show televisivo lo hizo con el tema de la escasez del agua, el transporte urbano, la seguridad p\u00fablica, el Issstele\u00f3n y en lo del Sintram<\/em><\/strong>.<\/p>\n\n\n\n<p>Suman miles de millones de pesos que, seg\u00fan sus denuncias, <strong><em>se ejercieron fraudulentamente recursos financieros que salieron de la Tesorer\u00eda estatal<\/em><\/strong>.<\/p>\n\n\n\n<p>La pregunta es,<strong><em> por qu\u00e9 denunciar s\u00f3lo al ex gobernador Jaime Rodr\u00edguez Calder\u00f3n, si en su establo sostiene a quien manejaba los dineros p\u00fablicos<\/em><\/strong>.<\/p>\n\n\n\n<p><strong><em>El tesorero Carlos Garza Ibarra, si no mat\u00f3 a la vaca, al menos si le amarr\u00f3 la pata. \u00bfQu\u00e9 no se haga\u2026? \u00bfA poco no se dio cuenta de los desv\u00edos?<\/em><\/strong><\/p>\n\n\n\n<p>Deb\u00eda de denunciarlo, <strong><em>igual que a Aldo Fasci, secretario de Seguridad, a menos que no quiera ofender a su compadre y socio Miguel Flores<\/em><\/strong>.<\/p>\n\n\n\n<p><a href=\"mailto:chavalolanderos@yahoo.com.mx\">chavalolanderos@yahoo.com.mx<\/a><\/p>\n","protected":false},"excerpt":{"rendered":"<p>Por Salvador Hern\u00e1ndez LANDEROS Porque ocurrir a la noticia para hacer una farsa de algo que est\u00e1 en la Ley y en el ordenamiento constitucional de un Estado como Nuevo Le\u00f3n. Sus habitantes no merecen que el gobernador est\u00e9 dando \u201catole con el dedo\u201d al anunciar que proceder\u00e1 penalmente contra la administraci\u00f3n anterior. Una administraci\u00f3n [&hellip;]<\/p>\n","protected":false},"author":1,"featured_media":70988,"comment_status":"open","ping_status":"open","sticky":true,"template":"","format":"standard","meta":{"footnotes":""},"categories":[12,3],"tags":[],"_links":{"self":[{"href":"https:\/\/diariodigitalmx.com\/index.php\/wp-json\/wp\/v2\/posts\/70986"}],"collection":[{"href":"https:\/\/diariodigitalmx.com\/index.php\/wp-json\/wp\/v2\/posts"}],"about":[{"href":"https:\/\/diariodigitalmx.com\/index.php\/wp-json\/wp\/v2\/types\/post"}],"author":[{"embeddable":true,"href":"https:\/\/diariodigitalmx.com\/index.php\/wp-json\/wp\/v2\/users\/1"}],"replies":[{"embeddable":true,"href":"https:\/\/diariodigitalmx.com\/index.php\/wp-json\/wp\/v2\/comments?post=70986"}],"version-history":[{"count":3,"href":"https:\/\/diariodigitalmx.com\/index.php\/wp-json\/wp\/v2\/posts\/70986\/revisions"}],"predecessor-version":[{"id":70990,"href":"https:\/\/diariodigitalmx.com\/index.php\/wp-json\/wp\/v2\/posts\/70986\/revisions\/70990"}],"wp:featuredmedia":[{"embeddable":true,"href":"https:\/\/diariodigitalmx.com\/index.php\/wp-json\/wp\/v2\/media\/70988"}],"wp:attachment":[{"href":"https:\/\/diariodigitalmx.com\/index.php\/wp-json\/wp\/v2\/media?parent=70986"}],"wp:term":[{"taxonomy":"category","embeddable":true,"href":"https:\/\/diariodigitalmx.com\/index.php\/wp-json\/wp\/v2\/categories?post=70986"},{"taxonomy":"post_tag","embeddable":true,"href":"https:\/\/diariodigitalmx.com\/index.php\/wp-json\/wp\/v2\/tags?post=70986"}],"curies":[{"name":"wp","href":"https:\/\/api.w.org\/{rel}","templated":true}]}}