{"id":71041,"date":"2022-02-06T20:48:11","date_gmt":"2022-02-07T02:48:11","guid":{"rendered":"http:\/\/diariodigitalmx.com\/?p=71041"},"modified":"2022-02-06T20:49:40","modified_gmt":"2022-02-07T02:49:40","slug":"se-mantiene-el-frio-en-nl-aguanieve-en-la-sierra-surena","status":"publish","type":"post","link":"https:\/\/diariodigitalmx.com\/index.php\/2022\/02\/06\/se-mantiene-el-frio-en-nl-aguanieve-en-la-sierra-surena\/","title":{"rendered":"Se mantiene el fr\u00edo en NL: aguanieve en la sierra sure\u00f1a"},"content":{"rendered":"\n<p>Monterrey &#8211; Mientras en el sur del estado empez\u00f3 la noche del domingo a caer aguanieve, en la zona metropolitana arrecifes el fr\u00edo acompa\u00f1ado de una llovizna.&nbsp;<\/p>\n\n\n\n<p>&#8220;En la sierra de Galeana ya se empieza a presentar ca\u00edda de aguanieve por el paso de una zona inestable que mantiene altas probabilidades de nevadas en lo m\u00e1s alto del Cerro del Potos\u00ed&#8221;, inform\u00f3 Protecci\u00f3n Civil del Estado.<\/p>\n\n\n\n<figure class=\"wp-block-image size-large\"><img loading=\"lazy\" decoding=\"async\" width=\"1024\" height=\"698\" src=\"http:\/\/diariodigitalmx.com\/wp-content\/uploads\/2022\/02\/FB_IMG_1644201007692.jpg\" alt=\"\" class=\"wp-image-71044\" srcset=\"https:\/\/diariodigitalmx.com\/wp-content\/uploads\/2022\/02\/FB_IMG_1644201007692.jpg 1024w, https:\/\/diariodigitalmx.com\/wp-content\/uploads\/2022\/02\/FB_IMG_1644201007692-300x204.jpg 300w, https:\/\/diariodigitalmx.com\/wp-content\/uploads\/2022\/02\/FB_IMG_1644201007692-768x524.jpg 768w\" sizes=\"(max-width: 1024px) 100vw, 1024px\" \/><\/figure>\n\n\n\n<p>Galeana se ubica a unos 200 kil\u00f3metros al sur de Monterrey y ahora un nuevo sistema frontal y su masa de aire polar en interacci\u00f3n con una vaguada polar, incrementa la ca\u00edda de aguanieve o nieve en zonas monta\u00f1osas, se\u00f1ala el reporte de Protecci\u00f3n Civil.<\/p>\n\n\n\n<p>Adem\u00e1s, a trav\u00e9s del monitoreo desde el Cerro del Potosi se aprecia ca\u00edda de aguanieve.<\/p>\n\n\n\n<p>Durante este lunes se esperan, adem\u00e1s nevadas en la sierra de Santiago, seg\u00fan los pron\u00f3sticos.<\/p>\n\n\n\n<p>En tanto, se mantiene la coordinaci\u00f3n con las unidades municipales de Protecci\u00f3n Civil de Galeana y Santiago. El monitoreo se lleva a cabo con el apoyo del Observatorio Universitario UANL.<\/p>\n\n\n\n<figure class=\"wp-block-image size-large\"><img loading=\"lazy\" decoding=\"async\" width=\"576\" height=\"1024\" src=\"http:\/\/diariodigitalmx.com\/wp-content\/uploads\/2022\/02\/FB_IMG_1644201075829-576x1024.jpg\" alt=\"\" class=\"wp-image-71046\" srcset=\"https:\/\/diariodigitalmx.com\/wp-content\/uploads\/2022\/02\/FB_IMG_1644201075829-576x1024.jpg 576w, https:\/\/diariodigitalmx.com\/wp-content\/uploads\/2022\/02\/FB_IMG_1644201075829-169x300.jpg 169w, https:\/\/diariodigitalmx.com\/wp-content\/uploads\/2022\/02\/FB_IMG_1644201075829-768x1365.jpg 768w, https:\/\/diariodigitalmx.com\/wp-content\/uploads\/2022\/02\/FB_IMG_1644201075829-864x1536.jpg 864w, https:\/\/diariodigitalmx.com\/wp-content\/uploads\/2022\/02\/FB_IMG_1644201075829.jpg 900w\" sizes=\"(max-width: 576px) 100vw, 576px\" \/><\/figure>\n\n\n\n<p>En la zona conurbada regiomontana, se tienen temperaturas de un d\u00edgito con probabilidades de heladas.&nbsp;<\/p>\n\n\n\n<p>El fr\u00edo est\u00e1 acompa\u00f1ado de una llovizna que seguir\u00e1 al menos el lunes y parte del martes.&nbsp;<\/p>\n\n\n\n<p>Adem\u00e1s, continuaron los operativos para proteger a las personas en situaci\u00f3n de calle con alimentos calientes, ropa y cobijas, toda vez que rechazan ir a un albergue.&nbsp;<\/p>\n","protected":false},"excerpt":{"rendered":"<p>Monterrey &#8211; Mientras en el sur del estado empez\u00f3 la noche del domingo a caer aguanieve, en la zona metropolitana arrecifes el fr\u00edo acompa\u00f1ado de una llovizna.&nbsp; &#8220;En la sierra de Galeana ya se empieza a presentar ca\u00edda de aguanieve por el paso de una zona inestable que mantiene altas probabilidades de nevadas en lo [&hellip;]<\/p>\n","protected":false},"author":1,"featured_media":71043,"comment_status":"open","ping_status":"open","sticky":true,"template":"","format":"standard","meta":{"footnotes":""},"categories":[6,3],"tags":[],"_links":{"self":[{"href":"https:\/\/diariodigitalmx.com\/index.php\/wp-json\/wp\/v2\/posts\/71041"}],"collection":[{"href":"https:\/\/diariodigitalmx.com\/index.php\/wp-json\/wp\/v2\/posts"}],"about":[{"href":"https:\/\/diariodigitalmx.com\/index.php\/wp-json\/wp\/v2\/types\/post"}],"author":[{"embeddable":true,"href":"https:\/\/diariodigitalmx.com\/index.php\/wp-json\/wp\/v2\/users\/1"}],"replies":[{"embeddable":true,"href":"https:\/\/diariodigitalmx.com\/index.php\/wp-json\/wp\/v2\/comments?post=71041"}],"version-history":[{"count":3,"href":"https:\/\/diariodigitalmx.com\/index.php\/wp-json\/wp\/v2\/posts\/71041\/revisions"}],"predecessor-version":[{"id":71047,"href":"https:\/\/diariodigitalmx.com\/index.php\/wp-json\/wp\/v2\/posts\/71041\/revisions\/71047"}],"wp:featuredmedia":[{"embeddable":true,"href":"https:\/\/diariodigitalmx.com\/index.php\/wp-json\/wp\/v2\/media\/71043"}],"wp:attachment":[{"href":"https:\/\/diariodigitalmx.com\/index.php\/wp-json\/wp\/v2\/media?parent=71041"}],"wp:term":[{"taxonomy":"category","embeddable":true,"href":"https:\/\/diariodigitalmx.com\/index.php\/wp-json\/wp\/v2\/categories?post=71041"},{"taxonomy":"post_tag","embeddable":true,"href":"https:\/\/diariodigitalmx.com\/index.php\/wp-json\/wp\/v2\/tags?post=71041"}],"curies":[{"name":"wp","href":"https:\/\/api.w.org\/{rel}","templated":true}]}}