{"id":71055,"date":"2022-02-07T02:27:14","date_gmt":"2022-02-07T08:27:14","guid":{"rendered":"http:\/\/diariodigitalmx.com\/?p=71055"},"modified":"2022-02-07T02:29:42","modified_gmt":"2022-02-07T08:29:42","slug":"71055","status":"publish","type":"post","link":"https:\/\/diariodigitalmx.com\/index.php\/2022\/02\/07\/71055\/","title":{"rendered":"El Sembrador en la memoria&#8230;"},"content":{"rendered":"\n<p><strong>Abel Moreno L\u00f3pez<\/strong><\/p>\n\n\n\n<p><em>&#8220;\u00a1Hay que luchar por todos los que no luchan!<\/em><\/p>\n\n\n\n<p><em>\u00a1Hay que pedir por todos los que no imploran!<\/em><\/p>\n\n\n\n<p><em>\u00a1Hay que hacer que nos oigan los que no escuchan!<\/em><\/p>\n\n\n\n<p><em>\u00a1Hay que llorar por todos los que no lloran!<\/em><\/p>\n\n\n\n<p><em>Hay que ser cual abejas que en la colmena<\/em><\/p>\n\n\n\n<p><em>fabrican para todos dulces panales.<\/em><\/p>\n\n\n\n<p><em>Hay que ser como el agua que va serena<\/em><\/p>\n\n\n\n<p><em>brindando al mundo entero frescos raudales.<\/em><\/p>\n\n\n\n<p><em>Hay que imitar al viento, que siembra flores<\/em><\/p>\n\n\n\n<p><em>lo mismo en la monta\u00f1a que en la llanura.<\/em><\/p>\n\n\n\n<p><em>Y hay que vivir la vida sembrando amores,<\/em><\/p>\n\n\n\n<p><em>con la vista y el alma siempre en la altura<\/em>&#8220;<\/p>\n\n\n\n<p>Sembrando (fragmento) de Rafael Blanco Belmonte<\/p>\n\n\n\n<p>El 7 de febrero de 1939, en el rancho Manila, del Ejido 18 de Marzo del municipio de Galeana, N.L. naci\u00f3 el destacado pol\u00edtico nuevoleon\u00e9s que fue Arturo Charles Charles, hoy evoco la memoria del aquel entra\u00f1able amigo, maestro, correligionario cuando han transcurrido tambi\u00e9n 20 a\u00f1os de su partida hacia la eternidad.<\/p>\n\n\n\n<p>En el caso de personajes de relieve como \u00e9l, corresponde a los amigos y los correligionarios y desde luego a los suyos, dada la estrechez de la vida y la limitaci\u00f3n de su tiempo y espacio, tratar de prolongar y extender su existencia en la historia, logrando que un mayor n\u00famero de personas que lo conocieron, lo estimen y reconozcan y que el tiempo no borre su nombre, ni sepulte su memoria.&nbsp;<\/p>\n\n\n\n<p>Hoy cumplo ese sagrado deber de recordarlo y al hacerlo compartir el aprecio y admiraci\u00f3n por su trayectoria vital, por su quehacer p\u00fablico y por su don de gentes.<\/p>\n\n\n\n<p>Hace 20 a\u00f1os me correspondi\u00f3 acompa\u00f1ar a familiares y amigos en el \u00faltimo tramo de su existencia. Lo hicimos, dije entonces, con el dolor y la tristeza de no volver a sentir a nuestro lado su presencia f\u00edsica, su car\u00e1cter afable, su consejo oportuno y su siempre envolvente y activa laboriosidad.<\/p>\n\n\n\n<figure class=\"wp-block-image size-large\"><img loading=\"lazy\" decoding=\"async\" width=\"865\" height=\"424\" src=\"http:\/\/diariodigitalmx.com\/wp-content\/uploads\/2022\/02\/IMG-20220207-WA0001.jpg\" alt=\"\" class=\"wp-image-71059\" srcset=\"https:\/\/diariodigitalmx.com\/wp-content\/uploads\/2022\/02\/IMG-20220207-WA0001.jpg 865w, https:\/\/diariodigitalmx.com\/wp-content\/uploads\/2022\/02\/IMG-20220207-WA0001-300x147.jpg 300w, https:\/\/diariodigitalmx.com\/wp-content\/uploads\/2022\/02\/IMG-20220207-WA0001-768x376.jpg 768w\" sizes=\"(max-width: 865px) 100vw, 865px\" \/><\/figure>\n\n\n\n<p>Todav\u00eda hoy, extra\u00f1amos la intensidad y la pasi\u00f3n con que Arturo Charles ejerc\u00eda todas sus actividades. Incuestionablemente \u00e9l fue un apasionado de la vida&#8230; un hombre que vivi\u00f3 intensamente cada uno de los d\u00edas de su existencia&#8230; una expresi\u00f3n cl\u00e1sica de sus lecturas juveniles y que citaba con frecuencia era <em>&#8220;es mejor perderse en la pasi\u00f3n, que perder la pasi\u00f3n&#8230;&#8221;<\/em><\/p>\n\n\n\n<p>Pero ante todo Arturo Charles era un hombre de convicciones y ello constituye el gran ejemplo que le reconocemos quienes tuvimos el privilegio de conocerlo y convivir con \u00e9l.<\/p>\n\n\n\n<p>Desde luego siempre que se hable de Arturo Charles, incuestionablemente se tendr\u00e1 que aludir a su acci\u00f3n y su participaci\u00f3n pol\u00edtica&#8230;<\/p>\n\n\n\n<p>Desde su origen y a lo largo de su existencia estuvo ligado a la lucha de los campesinos. Naci\u00f3 en lo que \u00e9l llamaba la etapa m\u00e1s genuina y m\u00e1s rom\u00e1ntica del movimiento campesino, viendo como los luchadores agrarios, entre ellos el inolvidable Ch\u00f3n Charles, su padre, defend\u00edan a\u00fan con las armas el reparto de tierras y la creaci\u00f3n de los ejidos.<\/p>\n\n\n\n<p>Creci\u00f3 cerca de los trabajos de la organizaci\u00f3n campesina y cuando estuvo en aptitud y condici\u00f3n de participar en el quehacer social y pol\u00edtico del estado, inici\u00f3 una amplia trayectoria, digna de admiraci\u00f3n para quienes compartimos con \u00e9l sus convicciones ideol\u00f3gicas.<\/p>\n\n\n\n<p>En el Partido Revolucionario Institucional en Nuevo Le\u00f3n fue pr\u00e1cticamente todo, l\u00edder juvenil, ide\u00f3logo, comisionado electoral, miembro de la dirigencia estatal, delegado en otras entidades y ante todo un militante activo y combativo&#8230; Desde mi perspectiva, en Nuevo Le\u00f3n Arturo Charles fue el prototipo del verdadero militante.<\/p>\n\n\n\n<p>Ejerci\u00f3 de manera peculiar su profesi\u00f3n de abogado&#8230; Aunque poco transit\u00f3 por los tribunales, su ejercicio del derecho pudo apreciarse en la asesor\u00eda y defensa de los campesinos, pero fundamentalmente en su trabajo legislativo: Fue diputado federal, tres veces diputado local y en dos ocasiones Oficial Mayor del Congreso del Estado.<\/p>\n\n\n\n<p>De su quehacer legislativo hay m\u00faltiples ejemplos y aportaciones; el archivo y biblioteca del Congreso est\u00e1 plet\u00f3rico de testimonios de su trabajo y el ejemplo de sus convicciones&#8230;<\/p>\n\n\n\n<p>Sirvi\u00f3 a la administraci\u00f3n p\u00fablica municipal de Monterrey y al Gobierno del Estado, siempre en \u00e1reas donde su sensibilidad humana y oficio pol\u00edtico era imprescindible&#8230; Fue un militante de siempre de la Confederaci\u00f3n Nacional Campesina y un activo luchador agrario, pues como \u00e9l sosten\u00eda, agraristas no solo son los que trabajan la tierra, sino todos aquellos que por diferentes caminos luchan por mejores condiciones de justicia y dignidad para la clase campesina.<\/p>\n\n\n\n<p>Hizo importantes aportaciones a la CNC del Estado y en sus \u00faltimos d\u00edas, participaba como miembro de la dirigencia nacional de la organizaci\u00f3n que tanto quiso y defendi\u00f3 a lo largo de su existencia&#8230;<\/p>\n\n\n\n<p>Fue un pol\u00edtico en el m\u00e1s amplio sentido y en la mejor acepci\u00f3n de la palabra. Liberal a toda prueba, porque para serlo se requiere conmoverse con los problemas de la sociedad y hacer los esfuerzos necesarios para resolverlos.<\/p>\n\n\n\n<p>En pocas palabras, fue un hombre de su tiempo, como todo ser humano con claroscuros, con gran vocaci\u00f3n de servicio, hombre de ideas y sobre todo un amigo permanente e incondicional&#8230;&nbsp;<\/p>\n\n\n\n<p>Arturo Charles Charles, fue mi entra\u00f1able amigo, maestro y correligionario con quien compart\u00ed esfuerzos y vivencias durante poco m\u00e1s de tres d\u00e9cadas&#8230; Lo conoc\u00ed durante mi infancia y a\u00f1os despu\u00e9s colabor\u00e9 con \u00e9l, compart\u00edamos no solo el trabajo y las ideas, tambi\u00e9n la literatura, la oratoria y la bohemia&#8230; Al iniciar esta evocaci\u00f3n cit\u00e9 un fragmento del poema Sembrando de Rafael Blanco Belmonte, que el declamaba en su juventud con verdadera maestr\u00eda y que en cierto modo lo retrata&#8230;&nbsp;<\/p>\n\n\n\n<p>En esta su fecha de nacimiento, como siempre le expreso mis parabienes hasta la dimensi\u00f3n en que encuentra. Salud maestro y amigo!.. Hasta siempre&#8230; &#8220;\u00a1Hay que vivir sembrando! \u00a1Siempre sembrando!&#8221;&#8230;<\/p>\n\n\n\n<p>Monterrey, enero 7 de 2022<\/p>\n","protected":false},"excerpt":{"rendered":"<p>Abel Moreno L\u00f3pez &#8220;\u00a1Hay que luchar por todos los que no luchan! \u00a1Hay que pedir por todos los que no imploran! \u00a1Hay que hacer que nos oigan los que no escuchan! \u00a1Hay que llorar por todos los que no lloran! Hay que ser cual abejas que en la colmena fabrican para todos dulces panales. Hay [&hellip;]<\/p>\n","protected":false},"author":1,"featured_media":71058,"comment_status":"open","ping_status":"open","sticky":true,"template":"","format":"standard","meta":{"footnotes":""},"categories":[14,12],"tags":[],"_links":{"self":[{"href":"https:\/\/diariodigitalmx.com\/index.php\/wp-json\/wp\/v2\/posts\/71055"}],"collection":[{"href":"https:\/\/diariodigitalmx.com\/index.php\/wp-json\/wp\/v2\/posts"}],"about":[{"href":"https:\/\/diariodigitalmx.com\/index.php\/wp-json\/wp\/v2\/types\/post"}],"author":[{"embeddable":true,"href":"https:\/\/diariodigitalmx.com\/index.php\/wp-json\/wp\/v2\/users\/1"}],"replies":[{"embeddable":true,"href":"https:\/\/diariodigitalmx.com\/index.php\/wp-json\/wp\/v2\/comments?post=71055"}],"version-history":[{"count":3,"href":"https:\/\/diariodigitalmx.com\/index.php\/wp-json\/wp\/v2\/posts\/71055\/revisions"}],"predecessor-version":[{"id":71060,"href":"https:\/\/diariodigitalmx.com\/index.php\/wp-json\/wp\/v2\/posts\/71055\/revisions\/71060"}],"wp:featuredmedia":[{"embeddable":true,"href":"https:\/\/diariodigitalmx.com\/index.php\/wp-json\/wp\/v2\/media\/71058"}],"wp:attachment":[{"href":"https:\/\/diariodigitalmx.com\/index.php\/wp-json\/wp\/v2\/media?parent=71055"}],"wp:term":[{"taxonomy":"category","embeddable":true,"href":"https:\/\/diariodigitalmx.com\/index.php\/wp-json\/wp\/v2\/categories?post=71055"},{"taxonomy":"post_tag","embeddable":true,"href":"https:\/\/diariodigitalmx.com\/index.php\/wp-json\/wp\/v2\/tags?post=71055"}],"curies":[{"name":"wp","href":"https:\/\/api.w.org\/{rel}","templated":true}]}}