{"id":71066,"date":"2022-02-07T14:00:22","date_gmt":"2022-02-07T20:00:22","guid":{"rendered":"http:\/\/diariodigitalmx.com\/?p=71066"},"modified":"2022-02-07T14:02:25","modified_gmt":"2022-02-07T20:02:25","slug":"le-encuentran-mas-irregularidades-al-bronco-ahora-en-linea-3-del-metro","status":"publish","type":"post","link":"https:\/\/diariodigitalmx.com\/index.php\/2022\/02\/07\/le-encuentran-mas-irregularidades-al-bronco-ahora-en-linea-3-del-metro\/","title":{"rendered":"Le encuentran m\u00e1s irregularidades al Bronco; ahora en L\u00ednea 3 del Metro"},"content":{"rendered":"\n<p>Walter Elizondo <\/p>\n\n\n\n<p>Monterrey &#8211; El gobierno de Samuel Garc\u00eda encontr\u00f3 irregularidades en la L\u00ednea 3 del Metro por sobrecostos, desaparici\u00f3n de documentos, pagos injustificados y hasta robo de herramientas.&nbsp;<\/p>\n\n\n\n<p>La semana pasada hab\u00eda descubierto irregularidades en la compra de vagones alemanes.&nbsp;<\/p>\n\n\n\n<p>La denuncia contra la administraci\u00f3n de Jaime Rodr\u00edguez Calder\u00f3n &#8220;El Bronco&#8221;, se presentar\u00e1 el martes 8 por la Secretar\u00eda de Movilidad y Planeaci\u00f3n Urbana y Sistema de Transporte Colectivo (Metrorrey) ante la Fiscal\u00eda Especializada en Combate a la Corrupci\u00f3n.<\/p>\n\n\n\n<figure class=\"wp-block-image size-large\"><img loading=\"lazy\" decoding=\"async\" width=\"1024\" height=\"629\" src=\"http:\/\/diariodigitalmx.com\/wp-content\/uploads\/2022\/02\/070222-AVargas.Dir_.MetroRey_DR.Hernan-Villarreal.01-1024x629.jpg\" alt=\"\" class=\"wp-image-71069\" srcset=\"https:\/\/diariodigitalmx.com\/wp-content\/uploads\/2022\/02\/070222-AVargas.Dir_.MetroRey_DR.Hernan-Villarreal.01-1024x629.jpg 1024w, https:\/\/diariodigitalmx.com\/wp-content\/uploads\/2022\/02\/070222-AVargas.Dir_.MetroRey_DR.Hernan-Villarreal.01-300x184.jpg 300w, https:\/\/diariodigitalmx.com\/wp-content\/uploads\/2022\/02\/070222-AVargas.Dir_.MetroRey_DR.Hernan-Villarreal.01-768x472.jpg 768w, https:\/\/diariodigitalmx.com\/wp-content\/uploads\/2022\/02\/070222-AVargas.Dir_.MetroRey_DR.Hernan-Villarreal.01-1536x943.jpg 1536w, https:\/\/diariodigitalmx.com\/wp-content\/uploads\/2022\/02\/070222-AVargas.Dir_.MetroRey_DR.Hernan-Villarreal.01-2048x1258.jpg 2048w\" sizes=\"(max-width: 1024px) 100vw, 1024px\" \/><\/figure>\n\n\n\n<p>\u201cVamos a denunciar posibles sobrecostos, desaparici\u00f3n de documentos, pagos realizados sin justificaci\u00f3n, trabajos fuera de especificaci\u00f3n y mal realizados, entregas de trabajos incompletos y mala administraci\u00f3n de la obra, lo que provoc\u00f3 gastos no recuperables y financieros\u201d, inform\u00f3 Hern\u00e1n Villarreal, titular de Movilidad y Planeaci\u00f3n Urbana.&nbsp;<\/p>\n\n\n\n<p>Record\u00f3 que el presupuesto inicial de la L\u00ednea 3 se present\u00f3 por primera vez, en el a\u00f1o 2012 por un monto de 3 mil 740 millones de pesos.<\/p>\n\n\n\n<figure class=\"wp-block-image size-large\"><img loading=\"lazy\" decoding=\"async\" width=\"781\" height=\"392\" src=\"http:\/\/diariodigitalmx.com\/wp-content\/uploads\/2022\/02\/images-2-4.jpeg\" alt=\"\" class=\"wp-image-71071\" srcset=\"https:\/\/diariodigitalmx.com\/wp-content\/uploads\/2022\/02\/images-2-4.jpeg 781w, https:\/\/diariodigitalmx.com\/wp-content\/uploads\/2022\/02\/images-2-4-300x151.jpeg 300w, https:\/\/diariodigitalmx.com\/wp-content\/uploads\/2022\/02\/images-2-4-768x385.jpeg 768w\" sizes=\"(max-width: 781px) 100vw, 781px\" \/><\/figure>\n\n\n\n<p>Posteriormente, cuando la obra estaba iniciada, se realiz\u00f3 un ajuste que alcanz\u00f3 hasta 5 mil 290 millones de pesos.<\/p>\n\n\n\n<p>\u201cEn la administraci\u00f3n pasada, de Jaime Rodr\u00edguez, en el 2016, el costo tuvo otro ajuste de hasta 6 mil 903 millones de pesos y al cierre de la administraci\u00f3n anterior se ten\u00edan compromisos de pago de 7 mil 378 millones de pesos y (tenemos) reclamos de las empresas contratadas por 621 millones de pesos\u201d, acusa Villarreal.<\/p>\n\n\n\n<p>\u201cEstas son las posibles irregularidades que vamos a denunciar, como lo hemos anunciado, ser\u00e1 la Fiscal\u00eda la encargada de definir los posibles delitos o las responsabilidades, tanto de los funcionarios como de empresas\u201d.<\/p>\n\n\n\n<figure class=\"wp-block-image size-large\"><img loading=\"lazy\" decoding=\"async\" width=\"678\" height=\"452\" src=\"http:\/\/diariodigitalmx.com\/wp-content\/uploads\/2022\/02\/images-4.jpeg\" alt=\"\" class=\"wp-image-71074\" srcset=\"https:\/\/diariodigitalmx.com\/wp-content\/uploads\/2022\/02\/images-4.jpeg 678w, https:\/\/diariodigitalmx.com\/wp-content\/uploads\/2022\/02\/images-4-300x200.jpeg 300w\" sizes=\"(max-width: 678px) 100vw, 678px\" \/><\/figure>\n\n\n\n<p>Roberto Abraham Vargas Molina, director de Metrorrey, precis\u00f3 que la L\u00ednea 3 se ha entregado parcialmente a Metrorrey.<\/p>\n\n\n\n<p>\u201cDe las inspecciones que ha realizado el personal t\u00e9cnico del organismo, pues se han detectado trabajos que pod\u00edan estar mal ejecutados o fuera de especificaci\u00f3n e incluso que estas fallas podr\u00edan venir desde el proyecto ejecutivo, es decir, nos estar\u00edamos yendo hasta el dise\u00f1o, que como organismo nos podr\u00eda representar un problema a la hora del mantenimiento\u201d, explic\u00f3 Vargas Molina.<\/p>\n\n\n\n<p>\u201cPodemos hablar de fallas en los neoprenos, que se encuentran entre las columnas y las dovelas o tambi\u00e9n cabezales, que al menos con la evidencia documental que tenemos en los expedientes, est\u00e1n fuera de especificaci\u00f3n y tendr\u00e1n que corregirse\u201d, se\u00f1al\u00f3.<\/p>\n\n\n\n<p>Tambi\u00e9n mencion\u00f3 el faltante de herramientas y de refacciones.<\/p>\n\n\n\n<p>\u201cA pesar de ser una l\u00ednea nueva podr\u00edamos tener problemas en el mantenimiento, dado que no contamos con las refacciones o las herramientas espec\u00edficas, para atender los subsistemas de esta l\u00ednea\u201d, dijo el director de Metrorrey.<\/p>\n","protected":false},"excerpt":{"rendered":"<p>Walter Elizondo Monterrey &#8211; El gobierno de Samuel Garc\u00eda encontr\u00f3 irregularidades en la L\u00ednea 3 del Metro por sobrecostos, desaparici\u00f3n de documentos, pagos injustificados y hasta robo de herramientas.&nbsp; La semana pasada hab\u00eda descubierto irregularidades en la compra de vagones alemanes.&nbsp; La denuncia contra la administraci\u00f3n de Jaime Rodr\u00edguez Calder\u00f3n &#8220;El Bronco&#8221;, se presentar\u00e1 el [&hellip;]<\/p>\n","protected":false},"author":1,"featured_media":71068,"comment_status":"open","ping_status":"open","sticky":true,"template":"","format":"standard","meta":{"footnotes":""},"categories":[6,3],"tags":[],"_links":{"self":[{"href":"https:\/\/diariodigitalmx.com\/index.php\/wp-json\/wp\/v2\/posts\/71066"}],"collection":[{"href":"https:\/\/diariodigitalmx.com\/index.php\/wp-json\/wp\/v2\/posts"}],"about":[{"href":"https:\/\/diariodigitalmx.com\/index.php\/wp-json\/wp\/v2\/types\/post"}],"author":[{"embeddable":true,"href":"https:\/\/diariodigitalmx.com\/index.php\/wp-json\/wp\/v2\/users\/1"}],"replies":[{"embeddable":true,"href":"https:\/\/diariodigitalmx.com\/index.php\/wp-json\/wp\/v2\/comments?post=71066"}],"version-history":[{"count":4,"href":"https:\/\/diariodigitalmx.com\/index.php\/wp-json\/wp\/v2\/posts\/71066\/revisions"}],"predecessor-version":[{"id":71075,"href":"https:\/\/diariodigitalmx.com\/index.php\/wp-json\/wp\/v2\/posts\/71066\/revisions\/71075"}],"wp:featuredmedia":[{"embeddable":true,"href":"https:\/\/diariodigitalmx.com\/index.php\/wp-json\/wp\/v2\/media\/71068"}],"wp:attachment":[{"href":"https:\/\/diariodigitalmx.com\/index.php\/wp-json\/wp\/v2\/media?parent=71066"}],"wp:term":[{"taxonomy":"category","embeddable":true,"href":"https:\/\/diariodigitalmx.com\/index.php\/wp-json\/wp\/v2\/categories?post=71066"},{"taxonomy":"post_tag","embeddable":true,"href":"https:\/\/diariodigitalmx.com\/index.php\/wp-json\/wp\/v2\/tags?post=71066"}],"curies":[{"name":"wp","href":"https:\/\/api.w.org\/{rel}","templated":true}]}}