{"id":71076,"date":"2022-02-07T15:28:52","date_gmt":"2022-02-07T21:28:52","guid":{"rendered":"http:\/\/diariodigitalmx.com\/?p=71076"},"modified":"2022-02-07T15:31:46","modified_gmt":"2022-02-07T21:31:46","slug":"manto-blanco-en-zaragoza-y-galeana-nl","status":"publish","type":"post","link":"https:\/\/diariodigitalmx.com\/index.php\/2022\/02\/07\/manto-blanco-en-zaragoza-y-galeana-nl\/","title":{"rendered":"Manto blanco en Zaragoza y Galeana, NL"},"content":{"rendered":"\n<p>Monterrey &#8211; Los municipios de Zaragoza y Galeana, al sur de Nuevo Le\u00f3n registraron aguanieve y nieve, al continuar las g\u00e9lidas temperaturas en la entidad.<\/p>\n\n\n\n<figure class=\"wp-block-image size-large\"><img loading=\"lazy\" decoding=\"async\" width=\"484\" height=\"1024\" src=\"http:\/\/diariodigitalmx.com\/wp-content\/uploads\/2022\/02\/IMG-20220207-WA0014-484x1024.jpg\" alt=\"\" class=\"wp-image-71087\" srcset=\"https:\/\/diariodigitalmx.com\/wp-content\/uploads\/2022\/02\/IMG-20220207-WA0014-484x1024.jpg 484w, https:\/\/diariodigitalmx.com\/wp-content\/uploads\/2022\/02\/IMG-20220207-WA0014-142x300.jpg 142w, https:\/\/diariodigitalmx.com\/wp-content\/uploads\/2022\/02\/IMG-20220207-WA0014-727x1536.jpg 727w, https:\/\/diariodigitalmx.com\/wp-content\/uploads\/2022\/02\/IMG-20220207-WA0014.jpg 757w\" sizes=\"(max-width: 484px) 100vw, 484px\" \/><\/figure>\n\n\n\n<p>Durante la madrugada de este lunes se registr\u00f3 la ca\u00edda de aguanieve y nieve en esa zona rural ubicada a unos 200 kil\u00f3metros al sur de Monterrey.<\/p>\n\n\n\n<figure class=\"wp-block-image size-large\"><img loading=\"lazy\" decoding=\"async\" width=\"1024\" height=\"768\" src=\"http:\/\/diariodigitalmx.com\/wp-content\/uploads\/2022\/02\/IMG-20220207-WA0015-1024x768.jpg\" alt=\"\" class=\"wp-image-71079\" srcset=\"https:\/\/diariodigitalmx.com\/wp-content\/uploads\/2022\/02\/IMG-20220207-WA0015-1024x768.jpg 1024w, https:\/\/diariodigitalmx.com\/wp-content\/uploads\/2022\/02\/IMG-20220207-WA0015-300x225.jpg 300w, https:\/\/diariodigitalmx.com\/wp-content\/uploads\/2022\/02\/IMG-20220207-WA0015-768x576.jpg 768w, https:\/\/diariodigitalmx.com\/wp-content\/uploads\/2022\/02\/IMG-20220207-WA0015-1536x1152.jpg 1536w, https:\/\/diariodigitalmx.com\/wp-content\/uploads\/2022\/02\/IMG-20220207-WA0015.jpg 1600w\" sizes=\"(max-width: 1024px) 100vw, 1024px\" \/><\/figure>\n\n\n\n<p>Protecci\u00f3n Civil del Estado inform\u00f3 que el paso de una zona inestable gener\u00f3 al amanecer de este lunes, que se cubrieron de blanco las zonas monta\u00f1osas.&nbsp;<\/p>\n\n\n\n<p>Mientras tanto, los rescatistas realizaron recorridos de manera coordinada con las unidades municipales de los dos municipios, para ayudar a las personas que est\u00e1n en condiciones vulnerables.<\/p>\n\n\n\n<figure class=\"wp-block-image size-large\"><img loading=\"lazy\" decoding=\"async\" width=\"1024\" height=\"203\" src=\"http:\/\/diariodigitalmx.com\/wp-content\/uploads\/2022\/02\/IMG-20220207-WA0013-1024x203.jpg\" alt=\"\" class=\"wp-image-71081\" srcset=\"https:\/\/diariodigitalmx.com\/wp-content\/uploads\/2022\/02\/IMG-20220207-WA0013-1024x203.jpg 1024w, https:\/\/diariodigitalmx.com\/wp-content\/uploads\/2022\/02\/IMG-20220207-WA0013-300x60.jpg 300w, https:\/\/diariodigitalmx.com\/wp-content\/uploads\/2022\/02\/IMG-20220207-WA0013-768x153.jpg 768w, https:\/\/diariodigitalmx.com\/wp-content\/uploads\/2022\/02\/IMG-20220207-WA0013.jpg 1400w\" sizes=\"(max-width: 1024px) 100vw, 1024px\" \/><\/figure>\n\n\n\n<figure class=\"wp-block-image size-large\"><img loading=\"lazy\" decoding=\"async\" width=\"1024\" height=\"768\" src=\"http:\/\/diariodigitalmx.com\/wp-content\/uploads\/2022\/02\/IMG-20220207-WA0016-1024x768.jpg\" alt=\"\" class=\"wp-image-71083\" srcset=\"https:\/\/diariodigitalmx.com\/wp-content\/uploads\/2022\/02\/IMG-20220207-WA0016-1024x768.jpg 1024w, https:\/\/diariodigitalmx.com\/wp-content\/uploads\/2022\/02\/IMG-20220207-WA0016-300x225.jpg 300w, https:\/\/diariodigitalmx.com\/wp-content\/uploads\/2022\/02\/IMG-20220207-WA0016-768x576.jpg 768w, https:\/\/diariodigitalmx.com\/wp-content\/uploads\/2022\/02\/IMG-20220207-WA0016-1536x1152.jpg 1536w, https:\/\/diariodigitalmx.com\/wp-content\/uploads\/2022\/02\/IMG-20220207-WA0016.jpg 1600w\" sizes=\"(max-width: 1024px) 100vw, 1024px\" \/><\/figure>\n\n\n\n<p>Las zonas altas como el Cerro del Potos\u00ed, en Galeana, y el ejido Siberia, en General Zaragoza entre otros lugares, reportaron un manto blanco.<\/p>\n\n\n\n<p>En tanto, se mantiene la coordinaci\u00f3n con las unidades municipales de Protecci\u00f3n Civil de esas localidades, adem\u00e1s del monitoreo que se realiza con el apoyo del Observatorio Universitario UANL.<\/p>\n\n\n\n<figure class=\"wp-block-image size-large\"><img loading=\"lazy\" decoding=\"async\" width=\"768\" height=\"1024\" src=\"http:\/\/diariodigitalmx.com\/wp-content\/uploads\/2022\/02\/IMG-20220207-WA0012-768x1024.jpg\" alt=\"\" class=\"wp-image-71085\" srcset=\"https:\/\/diariodigitalmx.com\/wp-content\/uploads\/2022\/02\/IMG-20220207-WA0012-768x1024.jpg 768w, https:\/\/diariodigitalmx.com\/wp-content\/uploads\/2022\/02\/IMG-20220207-WA0012-225x300.jpg 225w, https:\/\/diariodigitalmx.com\/wp-content\/uploads\/2022\/02\/IMG-20220207-WA0012-1152x1536.jpg 1152w, https:\/\/diariodigitalmx.com\/wp-content\/uploads\/2022\/02\/IMG-20220207-WA0012.jpg 1200w\" sizes=\"(max-width: 768px) 100vw, 768px\" \/><\/figure>\n\n\n\n<p>En la zona conurbada regiomontana, se tienen temperaturas de un d\u00edgito con probabilidades de heladas.&nbsp;<\/p>\n\n\n\n<p>El fr\u00edo ha estado acompa\u00f1ado de una llovizna que seguir\u00e1 al menos el lunes y parte del martes.&nbsp;<\/p>\n\n\n\n<p>Adem\u00e1s, continuaron los operativos para proteger a las personas en situaci\u00f3n de calle con alimentos calientes, ropa y cobijas, toda vez que rechazan ir a un albergue.&nbsp;<\/p>\n","protected":false},"excerpt":{"rendered":"<p>Monterrey &#8211; Los municipios de Zaragoza y Galeana, al sur de Nuevo Le\u00f3n registraron aguanieve y nieve, al continuar las g\u00e9lidas temperaturas en la entidad. Durante la madrugada de este lunes se registr\u00f3 la ca\u00edda de aguanieve y nieve en esa zona rural ubicada a unos 200 kil\u00f3metros al sur de Monterrey. Protecci\u00f3n Civil del [&hellip;]<\/p>\n","protected":false},"author":1,"featured_media":71078,"comment_status":"open","ping_status":"open","sticky":true,"template":"","format":"standard","meta":{"footnotes":""},"categories":[6,3],"tags":[],"_links":{"self":[{"href":"https:\/\/diariodigitalmx.com\/index.php\/wp-json\/wp\/v2\/posts\/71076"}],"collection":[{"href":"https:\/\/diariodigitalmx.com\/index.php\/wp-json\/wp\/v2\/posts"}],"about":[{"href":"https:\/\/diariodigitalmx.com\/index.php\/wp-json\/wp\/v2\/types\/post"}],"author":[{"embeddable":true,"href":"https:\/\/diariodigitalmx.com\/index.php\/wp-json\/wp\/v2\/users\/1"}],"replies":[{"embeddable":true,"href":"https:\/\/diariodigitalmx.com\/index.php\/wp-json\/wp\/v2\/comments?post=71076"}],"version-history":[{"count":6,"href":"https:\/\/diariodigitalmx.com\/index.php\/wp-json\/wp\/v2\/posts\/71076\/revisions"}],"predecessor-version":[{"id":71088,"href":"https:\/\/diariodigitalmx.com\/index.php\/wp-json\/wp\/v2\/posts\/71076\/revisions\/71088"}],"wp:featuredmedia":[{"embeddable":true,"href":"https:\/\/diariodigitalmx.com\/index.php\/wp-json\/wp\/v2\/media\/71078"}],"wp:attachment":[{"href":"https:\/\/diariodigitalmx.com\/index.php\/wp-json\/wp\/v2\/media?parent=71076"}],"wp:term":[{"taxonomy":"category","embeddable":true,"href":"https:\/\/diariodigitalmx.com\/index.php\/wp-json\/wp\/v2\/categories?post=71076"},{"taxonomy":"post_tag","embeddable":true,"href":"https:\/\/diariodigitalmx.com\/index.php\/wp-json\/wp\/v2\/tags?post=71076"}],"curies":[{"name":"wp","href":"https:\/\/api.w.org\/{rel}","templated":true}]}}