{"id":71093,"date":"2022-02-07T20:53:25","date_gmt":"2022-02-08T02:53:25","guid":{"rendered":"http:\/\/diariodigitalmx.com\/?p=71093"},"modified":"2022-02-07T20:56:22","modified_gmt":"2022-02-08T02:56:22","slug":"clases-presenciales-obligatorias","status":"publish","type":"post","link":"https:\/\/diariodigitalmx.com\/index.php\/2022\/02\/07\/clases-presenciales-obligatorias\/","title":{"rendered":"\u00bfClases presenciales obligatorias?"},"content":{"rendered":"\n<p>Luz Mar\u00eda Ortiz Quintos <\/p>\n\n\n\n<p>Las opiniones de los Padres de Familia est\u00e1n divididas\u2026 a pesar de que la educaci\u00f3n es gratuita y un derecho avalado por la Constituci\u00f3n Pol\u00edtica de M\u00e9xico, que esta establece en el art\u00edculo:<\/p>\n\n\n\n<p>Art\u00edculo 3o. Toda persona tiene derecho a la educaci\u00f3n. El Estado -Federaci\u00f3n, Estados, Ciudad de M\u00e9xico y Municipios- impartir\u00e1 y garantizar\u00e1 la educaci\u00f3n inicial, preescolar, primaria, secundaria, media superior y superior. La educaci\u00f3n inicial, preescolar, primaria y secundaria, conforman la educaci\u00f3n b\u00e1sica; \u00e9sta y la media superior ser\u00e1n obligatorias, la educaci\u00f3n superior lo ser\u00e1 en t\u00e9rminos de la fracci\u00f3n X del presente art\u00edculo. La educaci\u00f3n inicial es un derecho de la ni\u00f1ez y ser\u00e1 responsabilidad del Estado concientizar sobre su importancia.<\/p>\n\n\n\n<p>Debido a la Pandemia por el Covid 19, en marzo del 2021 inicio la modalidad de escuela en casa, y a pesar de que desde el inicio se asegur\u00f3 que la poblaci\u00f3n en riesgo de contraer el virus y que este le pudiera causar hasta la muerta eran los adultos mayores; las autoridades federales determinaron que una forma de disminuir los contagios era manteniendo a ni\u00f1os, y j\u00f3venes en casa; as\u00ed como tambi\u00e9n en el sector laboral, se implement\u00f3 el programa de oficina en casa.<\/p>\n\n\n\n<p>&nbsp;Sabemos que esta acci\u00f3n tambi\u00e9n fue implementada en otros pa\u00edses, pero es importante ver que est\u00e1 funcionando en el resto del mundo, para no tener mayores rezagos en salud f\u00edsica, emocional y mental, as\u00ed como tambi\u00e9n en la educaci\u00f3n.<\/p>\n\n\n\n<p>*Adi\u00f3s al cubrebocas y a la &#8220;Sana Distancia&#8221;, en Europa cada vez son m\u00e1s pa\u00edses los que est\u00e1n regresando a la normalidad anterior al Covid y retirando restricciones.<\/p>\n\n\n\n<p>Inglaterra puso fin la semana pasada a casi todas las restricciones nacionales: ya no hacen falta mascarillas en espacios p\u00fablicos<\/p>\n\n\n\n<p>*Francia inici\u00f3 una reducci\u00f3n gradual de las restricciones y desde esta semana ya no es obligatorio llevar mascarilla en la calle ni respetar un aforo limitado en espacios culturales.<\/p>\n\n\n\n<p>* nota publicada por el Diario Reforma el 03 de Febrero 2022.<\/p>\n\n\n\n<p>En Nuevo Le\u00f3n, en estos momentos nos encontramos en sem\u00e1foro naranja de acuerdo con la&nbsp;<a href=\"https:\/\/www.elhorizonte.mx\/tags\/secretaria-de-salud\/1332\"><strong>Secretar\u00eda de Salud<\/strong><\/a>, los contagios de&nbsp;<a href=\"https:\/\/www.elhorizonte.mx\/tags\/covid\/665405\"><strong>Covid&nbsp;<\/strong><\/a>mantienen una tendencia a la baja desde que se dio el pico de 7,207 casos (el 20 de enero), pues el 5 de febrero se registraron 3,559 contagios; es decir, una disminuci\u00f3n de 51 por ciento.<\/p>\n\n\n\n<p>&nbsp;<a href=\"https:\/\/www.elhorizonte.mx\/tags\/el-horizonte\/214508\"><strong>El Horizonte<\/strong><\/a>&nbsp;document\u00f3 un estudio realizado por los investigadores&nbsp;<a href=\"https:\/\/www.elhorizonte.mx\/tags\/steve-hanke\/771804\"><strong>Steve Hanke<\/strong><\/a>, Jonas Herby y&nbsp;<a href=\"https:\/\/www.elhorizonte.mx\/tags\/lars-jonung\/771805\"><strong>Lars Jonung<\/strong><\/a>&nbsp;para la&nbsp;<a href=\"https:\/\/www.elhorizonte.mx\/tags\/johns-hopkins-university\/665784\"><strong>Johns Hopkins University<\/strong><\/a>, el cual revel\u00f3 que encerrarse no sirvi\u00f3 de nada contra el Covid.<\/p>\n\n\n\n<p>Por lo tanto, consideramos que:<\/p>\n\n\n\n<p>El regreso a clases presenciales es necesario, urgente y debe ser seguro.<\/p>\n\n\n\n<p>Necesario debido a que los especialistas han demostrado que no sirve de nada el encierro.&nbsp;<\/p>\n\n\n\n<p>Urgente el encierro afecta a la salud emocional de las personas.<\/p>\n\n\n\n<p>Seguro: no se debe condicionar a los estudiantes a vacunarse, hacerse pruebas por cuenta y costo de cada padre o madre de familia. Se debe dar la libertad de elecci\u00f3n a cada familia para vacunarse, si as\u00ed lo deciden y aplicar pruebas de covid en casos especiales como: s\u00edntomas de covid, familiares cercanos con covid, haber convivido con personas con covid. Esta enfermedad, gracias a las autoridades, tiene un protocolo mejorado, que no pone en riesgo la vida de las personas, a diferencia de lo que vivimos en el 2021.&nbsp;<\/p>\n\n\n\n<p>Las escuelas privadas est\u00e1n listas para el regreso presencial, con todas las medidas de cuidado y protecci\u00f3n que se\u00f1ala el protocolo de la Secretar\u00eda de Salud.<\/p>\n\n\n\n<p>Las escuelas p\u00fablicas requieren:<\/p>\n\n\n\n<p><strong>Reparar <\/strong>da\u00f1os en sus instalaciones, as\u00ed como asegurar el buen funcionamiento de servicios de agua y luz.&nbsp;<\/p>\n\n\n\n<p><strong>Adaptar<\/strong> los salones de clases para que tengan todas las medidas de higiene necesarias, que puertas y ventanas se encuentren en buen estado.<\/p>\n\n\n\n<p><strong>Suministrar<\/strong> a cada escuela de term\u00f3metros, gel antibacterial, se\u00f1alamientos, cubre bocas en cada sal\u00f3n de clases, oficinas administrativas y de maestros.<\/p>\n\n\n\n<p>No podemos seguir con clases mixtas, presencial y virtual&nbsp;<\/p>\n\n\n\n<ol><li>Los maestros se deben concentrar en preparase para sus alumnos presenciales, las clases en l\u00ednea no est\u00e1n funcionando\u2026en muchas escuelas p\u00fablicas no cuentan con el servicio de internet, por otro lado en esta modalidad es mayor la falta de asistencia, as\u00ed como las distracciones del grupo, a pesar del gran esfuerzo de los maestros.<\/li><li>Existen familias que no cuentan con el equipo de c\u00f3mputo, Tablet, tel\u00e9fonos celulares, para conectarse en l\u00ednea. O no tienen el dinero necesario para pagar el servicio de internet.<\/li><\/ol>\n\n\n\n<p>En Nuevo Le\u00f3n debemos retomar la confianza y seguridad en las clases presenciales sin restricciones a las libertadas individuales humanas.<\/p>\n\n\n\n<p>*La autora es presidenta del Instituto Nacional de Consultor\u00eda Familiar <\/p>\n","protected":false},"excerpt":{"rendered":"<p>Luz Mar\u00eda Ortiz Quintos Las opiniones de los Padres de Familia est\u00e1n divididas\u2026 a pesar de que la educaci\u00f3n es gratuita y un derecho avalado por la Constituci\u00f3n Pol\u00edtica de M\u00e9xico, que esta establece en el art\u00edculo: Art\u00edculo 3o. Toda persona tiene derecho a la educaci\u00f3n. El Estado -Federaci\u00f3n, Estados, Ciudad de M\u00e9xico y Municipios- [&hellip;]<\/p>\n","protected":false},"author":1,"featured_media":71095,"comment_status":"open","ping_status":"open","sticky":true,"template":"","format":"standard","meta":{"footnotes":""},"categories":[12,5],"tags":[],"_links":{"self":[{"href":"https:\/\/diariodigitalmx.com\/index.php\/wp-json\/wp\/v2\/posts\/71093"}],"collection":[{"href":"https:\/\/diariodigitalmx.com\/index.php\/wp-json\/wp\/v2\/posts"}],"about":[{"href":"https:\/\/diariodigitalmx.com\/index.php\/wp-json\/wp\/v2\/types\/post"}],"author":[{"embeddable":true,"href":"https:\/\/diariodigitalmx.com\/index.php\/wp-json\/wp\/v2\/users\/1"}],"replies":[{"embeddable":true,"href":"https:\/\/diariodigitalmx.com\/index.php\/wp-json\/wp\/v2\/comments?post=71093"}],"version-history":[{"count":3,"href":"https:\/\/diariodigitalmx.com\/index.php\/wp-json\/wp\/v2\/posts\/71093\/revisions"}],"predecessor-version":[{"id":71097,"href":"https:\/\/diariodigitalmx.com\/index.php\/wp-json\/wp\/v2\/posts\/71093\/revisions\/71097"}],"wp:featuredmedia":[{"embeddable":true,"href":"https:\/\/diariodigitalmx.com\/index.php\/wp-json\/wp\/v2\/media\/71095"}],"wp:attachment":[{"href":"https:\/\/diariodigitalmx.com\/index.php\/wp-json\/wp\/v2\/media?parent=71093"}],"wp:term":[{"taxonomy":"category","embeddable":true,"href":"https:\/\/diariodigitalmx.com\/index.php\/wp-json\/wp\/v2\/categories?post=71093"},{"taxonomy":"post_tag","embeddable":true,"href":"https:\/\/diariodigitalmx.com\/index.php\/wp-json\/wp\/v2\/tags?post=71093"}],"curies":[{"name":"wp","href":"https:\/\/api.w.org\/{rel}","templated":true}]}}