{"id":71104,"date":"2022-02-07T22:34:12","date_gmt":"2022-02-08T04:34:12","guid":{"rendered":"http:\/\/diariodigitalmx.com\/?p=71104"},"modified":"2022-02-07T22:38:15","modified_gmt":"2022-02-08T04:38:15","slug":"porque-nomas-a-nati","status":"publish","type":"post","link":"https:\/\/diariodigitalmx.com\/index.php\/2022\/02\/07\/porque-nomas-a-nati\/","title":{"rendered":"Porqu\u00e9 nom\u00e1s a Nati"},"content":{"rendered":"\n<p><\/p>\n\n\n\n<p>Por Salvador Hern\u00e1ndez <strong><em>LANDEROS<\/em><\/strong><\/p>\n\n\n\n<p>Del porqu\u00e9 el presidente solo se refiri\u00f3 a Nati al decir que \u201c<strong><em>En NL hay muchos rateros de grandes ligas, de cuello blanco\u201d<\/em><\/strong>, desat\u00f3 varios comentarios.<\/p>\n\n\n\n<p>Les recordamos que AMLO, tambi\u00e9n en esa ma\u00f1anera dijo: \u201c<strong><em>NL ha padecido con gobernantes mediocres y ladrones\u201d<\/em><\/strong>, sin referir ning\u00fan otro nombre.<\/p>\n\n\n\n<p>Agreg\u00f3 a sus comentarios: \u201c<strong><em>Hay mucha corrupci\u00f3n, hab\u00eda un gobernador, Natividad Gonz\u00e1lez Par\u00e1s que ayud\u00f3 al PAN para hacer fraude en el 2006<\/em><\/strong>\u201d.<\/p>\n\n\n\n<p><strong><em>\u201cNati se puso de acuerdo con Calder\u00f3n para hacer fraude en el municipio de Guadalupe, son los mismos, todo mundo lo sabe<\/em><\/strong>\u201d, enfatiz\u00f3 AMLO.<\/p>\n\n\n\n<p><strong><em>Pese a que, en los medios de comunicaci\u00f3n local, en sus archivos est\u00e1n las denuncias por corruptelas contra ex gobernadores, a nadie le cay\u00f3 el 20<\/em><\/strong>.<\/p>\n\n\n\n<p>Nadie de los ex gobernadores o pol\u00edticos del Estado se dieron por aludidos, <strong><em>pese a que L\u00f3pez Obrador expuso como fecha el 2006, cuando gobernaba Nati.<\/em><\/strong><\/p>\n\n\n\n<p><strong><em>En la elecci\u00f3n del 2006, por Guadalupe contendi\u00f3 Cristina D\u00edaz y en Monterrey, Abel Guerra, del PRI, perdi\u00f3 con Adalberto Madero, del PAN<\/em><\/strong>.<\/p>\n\n\n\n<p>En ese mismo a\u00f1o, en que AMLO perdi\u00f3 contra Felipe Calder\u00f3n, <strong><em>en San Pedro, el PAN gan\u00f3 con Alejandro P\u00e1ez y en San Nicol\u00e1s, con Zeferino Salgado<\/em><\/strong>.<\/p>\n\n\n\n<p>Sobre del porqu\u00e9 AMLO se refiri\u00f3 s\u00f3lo a Nati, hay comentarios de varios pol\u00edticos locales. <strong><em>Seleccionamos los publicables y se los vamos a compartir<\/em><\/strong>.<\/p>\n\n\n\n<p><strong><em>1.-<\/em><\/strong> <strong><em>Natividad Gonz\u00e1lez Par\u00e1s, guste o no, es el \u00fanico ex gobernante vigente<\/em><\/strong>. Es <strong><em>\u201cSu maestro\u201d del doctor<\/em><\/strong> Samuel Garc\u00eda <strong><em>y amigo<\/em><\/strong> de Fernando Elizondo.<\/p>\n\n\n\n<p><strong><em>2.- El pr\u00f3ximo 18 de febrero, Nati cumple 36 a\u00f1os de estar manejando la pol\u00edtica local. Fue en 1986 cuando sali\u00f3 del C.E.N. del PRI y se regres\u00f3 a NL<\/em><\/strong>.<\/p>\n\n\n\n<p>3.- El gobernador Jorge Trevi\u00f1o lo hizo presidente del PRI y <strong><em>luego secretario general en sustituci\u00f3n de Lucas de la Garza, a quien se le fue la lengua<\/em><\/strong>.<\/p>\n\n\n\n<p><strong><em>4.- Fue diputado federal y criticado en una foto publicada en el peri\u00f3dico El Norte, titulada \u201cLa Roque Se\u00f1al de Nati\u201d, cuando se aprob\u00f3 subir el IVA.<\/em><\/strong><\/p>\n\n\n\n<p><strong><em>5.-<\/em><\/strong> Entre priistas de 1997 se se\u00f1ala <strong><em>que la elecci\u00f3n de ese a\u00f1o para gobernador, fue comprada o ama\u00f1ada. Que Nati se dej\u00f3 ganar por Fernando Canales<\/em><\/strong>.<\/p>\n\n\n\n<p><strong><em>6.-<\/em><\/strong> Qu\u00e9 al concluir su mandato en el 2009, <strong><em>Nati creci\u00f3 la deuda p\u00fablica a m\u00e1s de $15 mil millones y \u201cdej\u00f3 en su lugar a Rodrigo Medina de la Cruz<\/em><\/strong>\u201d.<\/p>\n\n\n\n<p><strong><em>7.-<\/em><\/strong> Qu\u00e9 Rodrigo traicion\u00f3 a Nati. <strong><em>Que gan\u00f3 el cari\u00f1o pol\u00edtico de Enrique Pe\u00f1a Nieto cuando \u00e9ste propuso a Ivonne \u00c1lvarez, a quien \u201cgan\u00f3\u201d \u201cEl Bronco<\/em><\/strong>\u201d.<\/p>\n\n\n\n<p><strong><em>8.-<\/em><\/strong> Qu\u00e9 en la reciente elecci\u00f3n, <strong><em>Nati oper\u00f3 para que Samuel y MC la ganaran haciendo que perdiera Adri\u00e1n, pupilo de Rodrigo, para cobrar afrentas<\/em><\/strong>.<\/p>\n\n\n\n<p><strong><em>9.-<\/em><\/strong> La elecci\u00f3n del 2024 est\u00e1 a la vuelta de la equina <strong><em>y el presidente L\u00f3pez Obrador ya tiene informaci\u00f3n sobre los priistas que apoyar\u00edan a MC<\/em><\/strong>.<\/p>\n\n\n\n<p><strong><em>10.-<\/em><\/strong> Referir a Nati es porque algo hay. <strong><em>Algunos aseguran que \u201cel maestro del doctor Samuel\u201d, buscar\u00eda ser senador o secretario con el pr\u00f3ximo presidente<\/em><\/strong>\u201d.<\/p>\n\n\n\n<p>Sobre si contestar\u00e1n al presidente por lo que les dijo, lo m\u00e1s seguro es que nadie le responda, <strong><em>argumentando solo que ellos, \u201ctienen otros datos\u201d<\/em><\/strong><\/p>\n\n\n\n<p><a href=\"mailto:chavalolanderos@yahoo.com.mx\">chavalolanderos@yahoo.com.mx<\/a><\/p>\n","protected":false},"excerpt":{"rendered":"<p>Por Salvador Hern\u00e1ndez LANDEROS Del porqu\u00e9 el presidente solo se refiri\u00f3 a Nati al decir que \u201cEn NL hay muchos rateros de grandes ligas, de cuello blanco\u201d, desat\u00f3 varios comentarios. Les recordamos que AMLO, tambi\u00e9n en esa ma\u00f1anera dijo: \u201cNL ha padecido con gobernantes mediocres y ladrones\u201d, sin referir ning\u00fan otro nombre. Agreg\u00f3 a sus [&hellip;]<\/p>\n","protected":false},"author":1,"featured_media":71106,"comment_status":"open","ping_status":"open","sticky":true,"template":"","format":"standard","meta":{"footnotes":""},"categories":[12,5],"tags":[],"_links":{"self":[{"href":"https:\/\/diariodigitalmx.com\/index.php\/wp-json\/wp\/v2\/posts\/71104"}],"collection":[{"href":"https:\/\/diariodigitalmx.com\/index.php\/wp-json\/wp\/v2\/posts"}],"about":[{"href":"https:\/\/diariodigitalmx.com\/index.php\/wp-json\/wp\/v2\/types\/post"}],"author":[{"embeddable":true,"href":"https:\/\/diariodigitalmx.com\/index.php\/wp-json\/wp\/v2\/users\/1"}],"replies":[{"embeddable":true,"href":"https:\/\/diariodigitalmx.com\/index.php\/wp-json\/wp\/v2\/comments?post=71104"}],"version-history":[{"count":2,"href":"https:\/\/diariodigitalmx.com\/index.php\/wp-json\/wp\/v2\/posts\/71104\/revisions"}],"predecessor-version":[{"id":71107,"href":"https:\/\/diariodigitalmx.com\/index.php\/wp-json\/wp\/v2\/posts\/71104\/revisions\/71107"}],"wp:featuredmedia":[{"embeddable":true,"href":"https:\/\/diariodigitalmx.com\/index.php\/wp-json\/wp\/v2\/media\/71106"}],"wp:attachment":[{"href":"https:\/\/diariodigitalmx.com\/index.php\/wp-json\/wp\/v2\/media?parent=71104"}],"wp:term":[{"taxonomy":"category","embeddable":true,"href":"https:\/\/diariodigitalmx.com\/index.php\/wp-json\/wp\/v2\/categories?post=71104"},{"taxonomy":"post_tag","embeddable":true,"href":"https:\/\/diariodigitalmx.com\/index.php\/wp-json\/wp\/v2\/tags?post=71104"}],"curies":[{"name":"wp","href":"https:\/\/api.w.org\/{rel}","templated":true}]}}