{"id":71125,"date":"2022-02-08T11:14:20","date_gmt":"2022-02-08T17:14:20","guid":{"rendered":"http:\/\/diariodigitalmx.com\/?p=71125"},"modified":"2022-02-08T11:18:56","modified_gmt":"2022-02-08T17:18:56","slug":"anuncia-gobernador-samuel-regreso-a-las-aulas","status":"publish","type":"post","link":"https:\/\/diariodigitalmx.com\/index.php\/2022\/02\/08\/anuncia-gobernador-samuel-regreso-a-las-aulas\/","title":{"rendered":"Anuncia gobernador Samuel, regreso a las aulas"},"content":{"rendered":"\n<p>*Estudiantes de colegios particulares podr\u00edan concluir el ciclo escolar a distancia <\/p>\n\n\n\n<p>Walter Elizondo&nbsp;<\/p>\n\n\n\n<p>Monterrey &#8211;&nbsp; Ante la disminuci\u00f3n de contagios por Covid, el gobierno de Nuevo Le\u00f3n anunci\u00f3 un eventual regreso presencial a las aulas a partir del pr\u00f3ximo lunes 14 de febrero.&nbsp;<\/p>\n\n\n\n<p>Sin embargo, madres de familia de alumnos de escuelas particulares dijeron que muchos seguir\u00e1n hasta final del ciclo escolar bajo el sistema a distancia.&nbsp;<\/p>\n\n\n\n<p>&#8220;Qui\u00e9nes se registraron deber\u00e1n regresar a las aulas, eso nos informaron los maestros&#8221;, expres\u00f3 una madre de dos estudiantes de primaria.&nbsp;<\/p>\n\n\n\n<p>&#8220;Ante la evidente disminuci\u00f3n de casos, hoy quiero decirles que se preparen, que estemos listos para regresar a clases el lunes 14 de febrero, el D\u00eda de San Valent\u00edn&#8221;, adelant\u00f3 Garc\u00eda Sep\u00falveda.&nbsp;<\/p>\n\n\n\n<p>&#8220;Yo me veo obligado a pedir que se preparen Alcaldes, maestros, pero sobre todo los pap\u00e1s, queremos regresar al esquema original&#8221;, a\u00f1adi\u00f3 el gobernador.&nbsp;<\/p>\n\n\n\n<p>Por otra parte, las autoridades de Salud reportaron&nbsp; 561 contagios, la cifra m\u00e1s baja en lo que va del a\u00f1o.<\/p>\n\n\n\n<p>Alma Rosa Marroqu\u00edn, secretaria de Salud comunic\u00f3 que el mapa comienza a pintarse de verde, y que hay&nbsp; cuatro municipios con menos de 100 mil habitantes que tienen&nbsp;debajo de 30 casos.&nbsp;<\/p>\n\n\n\n<p>Tambi\u00e9n disminuy\u00f3 el n\u00famero de pacientes hospitalizados a 825, de los cuales 157 est\u00e1n en cuidados intensivos, para una ocupaci\u00f3n general de 36 por ciento.&nbsp;<\/p>\n\n\n\n<p>En cuanto a defunciones se confirmaron 27 m\u00e1s, para un acumulado de 15 mil 596.&nbsp;<\/p>\n","protected":false},"excerpt":{"rendered":"<p>*Estudiantes de colegios particulares podr\u00edan concluir el ciclo escolar a distancia Walter Elizondo&nbsp; Monterrey &#8211;&nbsp; Ante la disminuci\u00f3n de contagios por Covid, el gobierno de Nuevo Le\u00f3n anunci\u00f3 un eventual regreso presencial a las aulas a partir del pr\u00f3ximo lunes 14 de febrero.&nbsp; Sin embargo, madres de familia de alumnos de escuelas particulares dijeron que [&hellip;]<\/p>\n","protected":false},"author":1,"featured_media":71128,"comment_status":"open","ping_status":"open","sticky":true,"template":"","format":"standard","meta":{"footnotes":""},"categories":[6,3],"tags":[],"_links":{"self":[{"href":"https:\/\/diariodigitalmx.com\/index.php\/wp-json\/wp\/v2\/posts\/71125"}],"collection":[{"href":"https:\/\/diariodigitalmx.com\/index.php\/wp-json\/wp\/v2\/posts"}],"about":[{"href":"https:\/\/diariodigitalmx.com\/index.php\/wp-json\/wp\/v2\/types\/post"}],"author":[{"embeddable":true,"href":"https:\/\/diariodigitalmx.com\/index.php\/wp-json\/wp\/v2\/users\/1"}],"replies":[{"embeddable":true,"href":"https:\/\/diariodigitalmx.com\/index.php\/wp-json\/wp\/v2\/comments?post=71125"}],"version-history":[{"count":4,"href":"https:\/\/diariodigitalmx.com\/index.php\/wp-json\/wp\/v2\/posts\/71125\/revisions"}],"predecessor-version":[{"id":71130,"href":"https:\/\/diariodigitalmx.com\/index.php\/wp-json\/wp\/v2\/posts\/71125\/revisions\/71130"}],"wp:featuredmedia":[{"embeddable":true,"href":"https:\/\/diariodigitalmx.com\/index.php\/wp-json\/wp\/v2\/media\/71128"}],"wp:attachment":[{"href":"https:\/\/diariodigitalmx.com\/index.php\/wp-json\/wp\/v2\/media?parent=71125"}],"wp:term":[{"taxonomy":"category","embeddable":true,"href":"https:\/\/diariodigitalmx.com\/index.php\/wp-json\/wp\/v2\/categories?post=71125"},{"taxonomy":"post_tag","embeddable":true,"href":"https:\/\/diariodigitalmx.com\/index.php\/wp-json\/wp\/v2\/tags?post=71125"}],"curies":[{"name":"wp","href":"https:\/\/api.w.org\/{rel}","templated":true}]}}