{"id":71151,"date":"2022-02-08T22:34:32","date_gmt":"2022-02-09T04:34:32","guid":{"rendered":"http:\/\/diariodigitalmx.com\/?p=71151"},"modified":"2022-02-08T22:36:05","modified_gmt":"2022-02-09T04:36:05","slug":"cuestiona-anylu-bendicion-al-gabinete-de-movilidad","status":"publish","type":"post","link":"https:\/\/diariodigitalmx.com\/index.php\/2022\/02\/08\/cuestiona-anylu-bendicion-al-gabinete-de-movilidad\/","title":{"rendered":"Cuestiona Anyl\u00fa Bendici\u00f3n al gabinete de Movilidad"},"content":{"rendered":"\n<p>Monterrey.- La diputada del PT, Anyl\u00fa Bendici\u00f3n Hern\u00e1ndez Sep\u00falveda, cuestion\u00f3 a fondo al gabinete de Movilidad al acudir a comparecer ante el Congreso del Estado.<\/p>\n\n\n\n<p>Al encargado del despacho de Metrorrey, Roberto Abraham Vargas Medina, lo cuestion\u00f3 por la falta de protocolos para casos de emergencia y por no ofrecer disculpas p\u00fablicas a los miles de usuarios afectados por las fallas en la L\u00ednea 2, para quienes pidi\u00f3 ofrecerles un d\u00eda de servicio gratuito como una manera de resarcir los da\u00f1os ocasionados.<\/p>\n\n\n\n<p>El funcionario respondi\u00f3 que trabajan en un plan de contingencia en coordinaci\u00f3n con Protecci\u00f3n Civil y asegura que ofreci\u00f3 disculpas p\u00fablicas a trav\u00e9s de los medios de comunicaci\u00f3n.<\/p>\n\n\n\n<p>En cuanto a ofrecer un d\u00eda de servicio gratuito evadi\u00f3 contestar.<\/p>\n\n\n\n<p>Al director del Instituto de Movilidad, Jos\u00e9 Manuel Valdez Gayt\u00e1n, lo inquiri\u00f3 para informar el n\u00famero de\u00a0 concesiones otorgadas a prestadores de servicios de taxi, modalidad de plataformas digitales y las medidas de vigilancia para evitar el cobro de tarifas excesivas a los usuarios, principalmente de Uber y Didi.<\/p>\n\n\n\n<figure class=\"wp-block-image size-large\"><img loading=\"lazy\" decoding=\"async\" width=\"1024\" height=\"904\" src=\"http:\/\/diariodigitalmx.com\/wp-content\/uploads\/2022\/02\/IMG-20220208-WA0022-1024x904.jpg\" alt=\"\" class=\"wp-image-71155\" srcset=\"https:\/\/diariodigitalmx.com\/wp-content\/uploads\/2022\/02\/IMG-20220208-WA0022-1024x904.jpg 1024w, https:\/\/diariodigitalmx.com\/wp-content\/uploads\/2022\/02\/IMG-20220208-WA0022-300x265.jpg 300w, https:\/\/diariodigitalmx.com\/wp-content\/uploads\/2022\/02\/IMG-20220208-WA0022-768x678.jpg 768w, https:\/\/diariodigitalmx.com\/wp-content\/uploads\/2022\/02\/IMG-20220208-WA0022-1536x1356.jpg 1536w, https:\/\/diariodigitalmx.com\/wp-content\/uploads\/2022\/02\/IMG-20220208-WA0022.jpg 1600w\" sizes=\"(max-width: 1024px) 100vw, 1024px\" \/><\/figure>\n\n\n\n<p>Valdez Gayt\u00e1n inform\u00f3 que se han autorizado 16 plataformas de aplicaciones (sin mencionar n\u00famero de unidades) con tarifas din\u00e1micas y que el Departamento de Inspecci\u00f3n y Vigilancia aplica la revisi\u00f3n con el mismo rigor que a los taxis tradicionales.<\/p>\n\n\n\n<p>Finalmente, la diputada inst\u00f3 al secretario de Movilidad, Hern\u00e1n\u00a0Villarreal Rodr\u00edguez, a convocar a una reuni\u00f3n plenaria, encabezada por el Gobernador, con todos los involucrados en el tema, para reestructurar y modernizar el sistema de transporte.<\/p>\n\n\n\n<p>El secretario acept\u00f3 que el Consejo Consultivo de Movilidad es el foro, pero que ya llevan a cabo reuniones continuas con armadoras, transportistas, t\u00e9cnicos y universidades para la reestructura.<\/p>\n","protected":false},"excerpt":{"rendered":"<p>Monterrey.- La diputada del PT, Anyl\u00fa Bendici\u00f3n Hern\u00e1ndez Sep\u00falveda, cuestion\u00f3 a fondo al gabinete de Movilidad al acudir a comparecer ante el Congreso del Estado. Al encargado del despacho de Metrorrey, Roberto Abraham Vargas Medina, lo cuestion\u00f3 por la falta de protocolos para casos de emergencia y por no ofrecer disculpas p\u00fablicas a los miles [&hellip;]<\/p>\n","protected":false},"author":1,"featured_media":71153,"comment_status":"open","ping_status":"open","sticky":true,"template":"","format":"standard","meta":{"footnotes":""},"categories":[6,5],"tags":[],"_links":{"self":[{"href":"https:\/\/diariodigitalmx.com\/index.php\/wp-json\/wp\/v2\/posts\/71151"}],"collection":[{"href":"https:\/\/diariodigitalmx.com\/index.php\/wp-json\/wp\/v2\/posts"}],"about":[{"href":"https:\/\/diariodigitalmx.com\/index.php\/wp-json\/wp\/v2\/types\/post"}],"author":[{"embeddable":true,"href":"https:\/\/diariodigitalmx.com\/index.php\/wp-json\/wp\/v2\/users\/1"}],"replies":[{"embeddable":true,"href":"https:\/\/diariodigitalmx.com\/index.php\/wp-json\/wp\/v2\/comments?post=71151"}],"version-history":[{"count":3,"href":"https:\/\/diariodigitalmx.com\/index.php\/wp-json\/wp\/v2\/posts\/71151\/revisions"}],"predecessor-version":[{"id":71156,"href":"https:\/\/diariodigitalmx.com\/index.php\/wp-json\/wp\/v2\/posts\/71151\/revisions\/71156"}],"wp:featuredmedia":[{"embeddable":true,"href":"https:\/\/diariodigitalmx.com\/index.php\/wp-json\/wp\/v2\/media\/71153"}],"wp:attachment":[{"href":"https:\/\/diariodigitalmx.com\/index.php\/wp-json\/wp\/v2\/media?parent=71151"}],"wp:term":[{"taxonomy":"category","embeddable":true,"href":"https:\/\/diariodigitalmx.com\/index.php\/wp-json\/wp\/v2\/categories?post=71151"},{"taxonomy":"post_tag","embeddable":true,"href":"https:\/\/diariodigitalmx.com\/index.php\/wp-json\/wp\/v2\/tags?post=71151"}],"curies":[{"name":"wp","href":"https:\/\/api.w.org\/{rel}","templated":true}]}}