{"id":7118,"date":"2019-07-02T16:28:55","date_gmt":"2019-07-02T21:28:55","guid":{"rendered":"http:\/\/diariodigitalmx.com\/?p=7118"},"modified":"2019-07-02T16:29:19","modified_gmt":"2019-07-02T21:29:19","slug":"amlo-y-empresarios-acuerdan-mesa-de-conciliacion-sobre-cfe","status":"publish","type":"post","link":"https:\/\/diariodigitalmx.com\/index.php\/2019\/07\/02\/amlo-y-empresarios-acuerdan-mesa-de-conciliacion-sobre-cfe\/","title":{"rendered":"AMLO y empresarios acuerdan mesa de conciliaci\u00f3n sobre CFE"},"content":{"rendered":"\n<p>El presidente Andr\u00e9s Manuel L\u00f3pez Obrador acord\u00f3 con los\nrepresentantes del Consejo Coordinador Empresarial (CCE), Carlos Salazar\nLomel\u00edn, y del Consejo Mexicano de Negocios (CMN), Antonio del Valle, instalar\nuna mesa de conciliaci\u00f3n para llegar a un acuerdo y no proceder legalmente en\ncontra de las empresas involucradas en la operaci\u00f3n del gasoducto Texas-Tuxpan.<\/p>\n\n\n\n<p>\u201cVamos a privilegiar el di\u00e1logo, se va a estar hablando y se\nva a formar una mesa de conciliaci\u00f3n tratando de separarnos del problema legal\ny llegando a una situaci\u00f3n que nos beneficie a todos, entonces, esa es\nb\u00e1sicamente la noticia que les queremos compartir\u201d, dio a conocer Salazar a su\nsalida de la reuni\u00f3n privada en Palacio Nacional.<\/p>\n\n\n\n<p>Luego de que la Comisi\u00f3n Federal de Electricidad (CFE)\ninici\u00f3 un proceso de arbitraje ante el Tribunal Internacional de Londres por\nlas cl\u00e1usulas del contrato con IEnova y TransCanad\u00e1 por el Gasoducto Marino Sur\nde Texas-Tuxpan, mismo con el que se detuvo su operaci\u00f3n.<\/p>\n\n\n\n<p>El presidente del CCE aclar\u00f3 que los procesos legales&nbsp;\u201cno\nse han parado\u201d, pero conf\u00edan en que el problema se puede solucionar mediante el\ndi\u00e1logo.<\/p>\n\n\n\n<p>Antonio del Valle asegur\u00f3 que hay posibilidades de&nbsp;\u201cresolver\nel problema, que hay oportunidad de resolverlo, sobre todo, privilegiando el\ndi\u00e1logo\u201d.<\/p>\n\n\n\n<p>Tambi\u00e9n adelant\u00f3 que en las pr\u00f3ximas semanas se reunir\u00e1n\nambos \u00f3rganos para dar seguimiento al acuerdo por el que se comprometieron a\ninvertir 32 mil millones de pesos en proyectos que impulsen el crecimiento de\nM\u00e9xico.<\/p>\n\n\n\n<p>\u201cLo importante es eso, que se ve que se puede, como ya lo\ncoment\u00f3 Carlos, y que ha sido el inter\u00e9s principal del Presidente desde el\ninicio de su gobierno\u201d, expres\u00f3 del Valle.<\/p>\n\n\n\n<p>Carlos Salazar Lomel\u00edn explic\u00f3 que la mesa de conciliaci\u00f3n\nser\u00e1 convocada por el presidente de la Rep\u00fablica.<\/p>\n\n\n\n<p>En la reuni\u00f3n que dur\u00f3 casi dos horas,&nbsp;no discutieron\nla situaci\u00f3n de las rondas petroleras que fueron canceladas hace unas semanas\npor la Secretar\u00eda de Energ\u00eda (Sener),&nbsp;mismo que ya fue discutido con el\njefe de Oficina de la Presidencia de la Rep\u00fablica, Alfonso Romo.<\/p>\n\n\n\n<p>El presidente de la CCE afirm\u00f3 que ya hablaron del tema con\nla titular de la Sener, Roc\u00edo Nahle, y&nbsp;esperan que en las pr\u00f3ximas semanas\nanunci\u00e9 cu\u00e1l es el proceso que se va a seguir,&nbsp;para que participe la\ninversi\u00f3n privada en los proyectos con Petr\u00f3leos Mexicanos (Pemex).<\/p>\n\n\n\n<figure class=\"wp-block-image\"><img loading=\"lazy\" decoding=\"async\" width=\"768\" height=\"479\" src=\"http:\/\/diariodigitalmx.com\/wp-content\/uploads\/2019\/07\/empresarios.jpg\" alt=\"\" class=\"wp-image-7122\" srcset=\"https:\/\/diariodigitalmx.com\/wp-content\/uploads\/2019\/07\/empresarios.jpg 768w, https:\/\/diariodigitalmx.com\/wp-content\/uploads\/2019\/07\/empresarios-300x187.jpg 300w\" sizes=\"(max-width: 768px) 100vw, 768px\" \/><\/figure>\n","protected":false},"excerpt":{"rendered":"<p>El presidente Andr\u00e9s Manuel L\u00f3pez Obrador acord\u00f3 con los representantes del Consejo Coordinador Empresarial (CCE), Carlos Salazar Lomel\u00edn, y del Consejo Mexicano de Negocios (CMN), Antonio del Valle, instalar una mesa de conciliaci\u00f3n para llegar a un acuerdo y no proceder legalmente en contra de las empresas involucradas en la operaci\u00f3n del gasoducto Texas-Tuxpan. \u201cVamos [&hellip;]<\/p>\n","protected":false},"author":1,"featured_media":7120,"comment_status":"open","ping_status":"open","sticky":true,"template":"","format":"standard","meta":{"footnotes":""},"categories":[10],"tags":[],"_links":{"self":[{"href":"https:\/\/diariodigitalmx.com\/index.php\/wp-json\/wp\/v2\/posts\/7118"}],"collection":[{"href":"https:\/\/diariodigitalmx.com\/index.php\/wp-json\/wp\/v2\/posts"}],"about":[{"href":"https:\/\/diariodigitalmx.com\/index.php\/wp-json\/wp\/v2\/types\/post"}],"author":[{"embeddable":true,"href":"https:\/\/diariodigitalmx.com\/index.php\/wp-json\/wp\/v2\/users\/1"}],"replies":[{"embeddable":true,"href":"https:\/\/diariodigitalmx.com\/index.php\/wp-json\/wp\/v2\/comments?post=7118"}],"version-history":[{"count":2,"href":"https:\/\/diariodigitalmx.com\/index.php\/wp-json\/wp\/v2\/posts\/7118\/revisions"}],"predecessor-version":[{"id":7123,"href":"https:\/\/diariodigitalmx.com\/index.php\/wp-json\/wp\/v2\/posts\/7118\/revisions\/7123"}],"wp:featuredmedia":[{"embeddable":true,"href":"https:\/\/diariodigitalmx.com\/index.php\/wp-json\/wp\/v2\/media\/7120"}],"wp:attachment":[{"href":"https:\/\/diariodigitalmx.com\/index.php\/wp-json\/wp\/v2\/media?parent=7118"}],"wp:term":[{"taxonomy":"category","embeddable":true,"href":"https:\/\/diariodigitalmx.com\/index.php\/wp-json\/wp\/v2\/categories?post=7118"},{"taxonomy":"post_tag","embeddable":true,"href":"https:\/\/diariodigitalmx.com\/index.php\/wp-json\/wp\/v2\/tags?post=7118"}],"curies":[{"name":"wp","href":"https:\/\/api.w.org\/{rel}","templated":true}]}}