{"id":71192,"date":"2022-02-09T18:06:45","date_gmt":"2022-02-10T00:06:45","guid":{"rendered":"http:\/\/diariodigitalmx.com\/?p=71192"},"modified":"2022-02-09T18:08:07","modified_gmt":"2022-02-10T00:08:07","slug":"exige-la-croc-de-nl-a-samuel-garcia-acabar-con-la-mafia-que-opera-en-la-junta-local-de-conciliacion-y-arbitraje","status":"publish","type":"post","link":"https:\/\/diariodigitalmx.com\/index.php\/2022\/02\/09\/exige-la-croc-de-nl-a-samuel-garcia-acabar-con-la-mafia-que-opera-en-la-junta-local-de-conciliacion-y-arbitraje\/","title":{"rendered":"Exige la CROC de NL a Samuel Garc\u00eda acabar con la mafia que opera en la Junta Local de Conciliaci\u00f3n y Arbitraje"},"content":{"rendered":"\n<p><\/p>\n\n\n\n<p>&nbsp;Por: Francisco J. Pe\u00f1a Medina<\/p>\n\n\n\n<p>&nbsp;&nbsp;Monterrey&nbsp;&#8211;&nbsp;El l\u00edder sindical de la CROC de Nuevo Le\u00f3n, Osvaldo Serna Serv\u00edn exigi\u00f3 al gobernador Samuel Alejandro Garc\u00eda Sep\u00falveda acabar con la existencia de una &#8220;mafia de lobos&#8221; que opera al interior de la Junta Local de Conciliaci\u00f3n y Arbitraje, encabezada por Jaime Leal Trevi\u00f1o, director de Asuntos Colectivos, que mantiene en la total indefensi\u00f3n a los trabajadores en el Estado.<\/p>\n\n\n\n<p>\u00a0\u00a0\u00a0\u00a0&#8220;Ah\u00ed todav\u00eda falta que meta el gobernador mano dura, porque hay mucha gente que se qued\u00f3, que son unos lobos, explotando a los trabajadores, no merecen estar ah\u00ed, no se porque los mantiene el gobierno ah\u00ed&#8221;, expres\u00f3 el tambi\u00e9n dirigente del Autotransporte de la central obrera.<\/p>\n\n\n\n<figure class=\"wp-block-image size-large\"><img loading=\"lazy\" decoding=\"async\" width=\"731\" height=\"541\" src=\"http:\/\/diariodigitalmx.com\/wp-content\/uploads\/2022\/02\/IMG-20220209-WA0025.jpg\" alt=\"\" class=\"wp-image-71194\" srcset=\"https:\/\/diariodigitalmx.com\/wp-content\/uploads\/2022\/02\/IMG-20220209-WA0025.jpg 731w, https:\/\/diariodigitalmx.com\/wp-content\/uploads\/2022\/02\/IMG-20220209-WA0025-300x222.jpg 300w\" sizes=\"(max-width: 731px) 100vw, 731px\" \/><\/figure>\n\n\n\n<p>&nbsp;&nbsp;&nbsp;&nbsp;Entrevistado al salir de una reuni\u00f3n que sostuvo con Jos\u00e9 Manuel Valdez Gayt\u00e1n, director del Instituto de Movilidad y Accesibilidad en la entidad, tras iniciar el gobierno el pago de un adeudo que mantiene con permisionarios del transporte croquista, Serna Serv\u00edn conf\u00edo en que la misma sensibilidad que las autoridades estatales mostraron para solucionar este problema la aplique en la JLCyA y se sacuda &#8220;a los viejos mafiosos que est\u00e1n ah\u00ed, explorando y viviendo de los trabajadores&#8221;.<\/p>\n\n\n\n<p>&nbsp;&nbsp;&nbsp;&#8220;Se quedaron los viejos ma\u00f1osos que est\u00e1n ah\u00ed, un tal llamado licenciado Jaime Leal que por ah\u00ed lo han querido tumbar y es el jefe de la mafia&nbsp; y aparte pues ah\u00ed debe el gobernador de tomar cartas en el asunto porque le puede explotar una bomba&#8221;, advirti\u00f3.<\/p>\n\n\n\n<p>&nbsp;&nbsp;&nbsp;Osvaldo Serna anunci\u00f3 que la pr\u00f3xima semana cientos de militantes de la Federaci\u00f3n Revolucionaria de Obreros y Campesinos se manifestar\u00e1n frente a las oficinas de la Junta Local de Conciliaci\u00f3n y Arbitraje para exigir diversas demandas laborales y la apertura de los servicios que presta la dependencia.<\/p>\n\n\n\n<p>&nbsp;&nbsp;&nbsp;&nbsp;&#8220;Esperemos que el gobernador como lo hizo aqu\u00ed en el transporte y lo esta haciendo en otros lados, lo haga tambi\u00e9n ah\u00ed , \u00bfPor qu\u00e9? Porque hay muchos trabajadores inconformes, de &nbsp; todos los rubros&#8221;, se\u00f1al\u00f3 Serna Serv\u00edn.<\/p>\n\n\n\n<p>&nbsp;&nbsp;El croquista le sugiri\u00f3 adem\u00e1s al Secretario del Trabajo en el Estado, Federico Rojas &#8220;dejar de tomarse selfies&#8221; y dedicarse a ver por el bien de los trabajadores de Nuevo Le\u00f3n.<\/p>\n\n\n\n<p>&nbsp;&nbsp;&nbsp;&#8220;Tambi\u00e9n el Secretario del Trabajo Federico Rojas, no debe andar nom\u00e1s tom\u00e1ndose selfies como anda, debe estar trabajando, los selfies que los deje para los que son influncers. Hay que trabajar por el bien del Estado y de los trabajadores, lo pusieron para eso no para explotarlos, que entienda que ellos son la mano productiva del Estado&#8221;, se\u00f1al\u00f3 el l\u00edder sindical.<\/p>\n\n\n\n<p>&nbsp;&nbsp;&nbsp;Serna Serv\u00edn detall\u00f3 que actualmente se han acumulado m\u00e1s de 78 mil expedientes en la Junta Local de Conciliaci\u00f3n y Arbitraje que no han sido atendidos pues la dependencia-dijo- se encuentra &#8220;con las puertas herm\u00e9ticamente cerradas&#8221;.<\/p>\n","protected":false},"excerpt":{"rendered":"<p>&nbsp;Por: Francisco J. Pe\u00f1a Medina &nbsp;&nbsp;Monterrey&nbsp;&#8211;&nbsp;El l\u00edder sindical de la CROC de Nuevo Le\u00f3n, Osvaldo Serna Serv\u00edn exigi\u00f3 al gobernador Samuel Alejandro Garc\u00eda Sep\u00falveda acabar con la existencia de una &#8220;mafia de lobos&#8221; que opera al interior de la Junta Local de Conciliaci\u00f3n y Arbitraje, encabezada por Jaime Leal Trevi\u00f1o, director de Asuntos Colectivos, que [&hellip;]<\/p>\n","protected":false},"author":1,"featured_media":71195,"comment_status":"open","ping_status":"open","sticky":true,"template":"","format":"standard","meta":{"footnotes":""},"categories":[6,3],"tags":[],"_links":{"self":[{"href":"https:\/\/diariodigitalmx.com\/index.php\/wp-json\/wp\/v2\/posts\/71192"}],"collection":[{"href":"https:\/\/diariodigitalmx.com\/index.php\/wp-json\/wp\/v2\/posts"}],"about":[{"href":"https:\/\/diariodigitalmx.com\/index.php\/wp-json\/wp\/v2\/types\/post"}],"author":[{"embeddable":true,"href":"https:\/\/diariodigitalmx.com\/index.php\/wp-json\/wp\/v2\/users\/1"}],"replies":[{"embeddable":true,"href":"https:\/\/diariodigitalmx.com\/index.php\/wp-json\/wp\/v2\/comments?post=71192"}],"version-history":[{"count":3,"href":"https:\/\/diariodigitalmx.com\/index.php\/wp-json\/wp\/v2\/posts\/71192\/revisions"}],"predecessor-version":[{"id":71197,"href":"https:\/\/diariodigitalmx.com\/index.php\/wp-json\/wp\/v2\/posts\/71192\/revisions\/71197"}],"wp:featuredmedia":[{"embeddable":true,"href":"https:\/\/diariodigitalmx.com\/index.php\/wp-json\/wp\/v2\/media\/71195"}],"wp:attachment":[{"href":"https:\/\/diariodigitalmx.com\/index.php\/wp-json\/wp\/v2\/media?parent=71192"}],"wp:term":[{"taxonomy":"category","embeddable":true,"href":"https:\/\/diariodigitalmx.com\/index.php\/wp-json\/wp\/v2\/categories?post=71192"},{"taxonomy":"post_tag","embeddable":true,"href":"https:\/\/diariodigitalmx.com\/index.php\/wp-json\/wp\/v2\/tags?post=71192"}],"curies":[{"name":"wp","href":"https:\/\/api.w.org\/{rel}","templated":true}]}}