{"id":71198,"date":"2022-02-09T22:42:26","date_gmt":"2022-02-10T04:42:26","guid":{"rendered":"http:\/\/diariodigitalmx.com\/?p=71198"},"modified":"2022-02-09T22:43:17","modified_gmt":"2022-02-10T04:43:17","slug":"pide-estados-unidos-a-mexico-que-reforma-electrica-respete-el-tmec","status":"publish","type":"post","link":"https:\/\/diariodigitalmx.com\/index.php\/2022\/02\/09\/pide-estados-unidos-a-mexico-que-reforma-electrica-respete-el-tmec\/","title":{"rendered":"Pide Estados Unidos a M\u00e9xico que reforma el\u00e9ctrica respete el TMEC"},"content":{"rendered":"\n<p>John Kerry, pidi\u00f3 al presidente\u00a0de M\u00e9xico, Andr\u00e9s Manuel L\u00f3pez garantizar que el proyecto de reforma que busca impulsar el control estatal del mercado el\u00e9ctrico no infrinja el tratado comercial entre M\u00e9xico, Estados Unidos y Canad\u00e1 (TMEC).<\/p>\n\n\n\n<p>El presidente mexicano&nbsp; impulsa en el Congreso que tiene mayor\u00eda del partido oficial, un proyecto que reserva al menos 54% de la producci\u00f3n de electricidad a la paraestatal CFE, contra el 38% actual y el 62% que detenta el sector privado.<\/p>\n\n\n\n<p>&#8220;Expresamos preocupaciones de que no nos vayamos contra el TMEC, que es importante tener reformas que van a ser, y creo que \u00e9l quiere esto, que las reformas no act\u00faen como un obst\u00e1culo para un mercado abierto y competitivo&#8221;, se\u00f1al\u00f3 el representante del gobierno estadounidense.&nbsp;<\/p>\n\n\n\n<p>Estados Unidos y Canad\u00e1 han expresado su preocupaci\u00f3n por el impacto que puedan generar estos cambios en las inversiones de ambos pa\u00edses en el marco del tratado comercial TMEC.&nbsp;<\/p>\n\n\n\n<p>&#8220;Respetamos completamente la soberan\u00eda de M\u00e9xico, s\u00e9 que el presidente se ha embarcado en algunas reformas que son importantes para \u00e9l y para el pa\u00eds&#8221;, dijo Kerry.&nbsp;<\/p>\n\n\n\n<p>El temor de los socios del TMEC es que se deje a un lado la generaci\u00f3n de energ\u00edas limpias.&nbsp;<\/p>\n","protected":false},"excerpt":{"rendered":"<p>John Kerry, pidi\u00f3 al presidente\u00a0de M\u00e9xico, Andr\u00e9s Manuel L\u00f3pez garantizar que el proyecto de reforma que busca impulsar el control estatal del mercado el\u00e9ctrico no infrinja el tratado comercial entre M\u00e9xico, Estados Unidos y Canad\u00e1 (TMEC). El presidente mexicano&nbsp; impulsa en el Congreso que tiene mayor\u00eda del partido oficial, un proyecto que reserva al menos [&hellip;]<\/p>\n","protected":false},"author":1,"featured_media":71200,"comment_status":"open","ping_status":"open","sticky":true,"template":"","format":"standard","meta":{"footnotes":""},"categories":[2,3],"tags":[],"_links":{"self":[{"href":"https:\/\/diariodigitalmx.com\/index.php\/wp-json\/wp\/v2\/posts\/71198"}],"collection":[{"href":"https:\/\/diariodigitalmx.com\/index.php\/wp-json\/wp\/v2\/posts"}],"about":[{"href":"https:\/\/diariodigitalmx.com\/index.php\/wp-json\/wp\/v2\/types\/post"}],"author":[{"embeddable":true,"href":"https:\/\/diariodigitalmx.com\/index.php\/wp-json\/wp\/v2\/users\/1"}],"replies":[{"embeddable":true,"href":"https:\/\/diariodigitalmx.com\/index.php\/wp-json\/wp\/v2\/comments?post=71198"}],"version-history":[{"count":2,"href":"https:\/\/diariodigitalmx.com\/index.php\/wp-json\/wp\/v2\/posts\/71198\/revisions"}],"predecessor-version":[{"id":71201,"href":"https:\/\/diariodigitalmx.com\/index.php\/wp-json\/wp\/v2\/posts\/71198\/revisions\/71201"}],"wp:featuredmedia":[{"embeddable":true,"href":"https:\/\/diariodigitalmx.com\/index.php\/wp-json\/wp\/v2\/media\/71200"}],"wp:attachment":[{"href":"https:\/\/diariodigitalmx.com\/index.php\/wp-json\/wp\/v2\/media?parent=71198"}],"wp:term":[{"taxonomy":"category","embeddable":true,"href":"https:\/\/diariodigitalmx.com\/index.php\/wp-json\/wp\/v2\/categories?post=71198"},{"taxonomy":"post_tag","embeddable":true,"href":"https:\/\/diariodigitalmx.com\/index.php\/wp-json\/wp\/v2\/tags?post=71198"}],"curies":[{"name":"wp","href":"https:\/\/api.w.org\/{rel}","templated":true}]}}