{"id":71203,"date":"2022-02-09T23:17:37","date_gmt":"2022-02-10T05:17:37","guid":{"rendered":"http:\/\/diariodigitalmx.com\/?p=71203"},"modified":"2022-02-09T23:20:29","modified_gmt":"2022-02-10T05:20:29","slug":"muere-arturo-rudo-rivera","status":"publish","type":"post","link":"https:\/\/diariodigitalmx.com\/index.php\/2022\/02\/09\/muere-arturo-rudo-rivera\/","title":{"rendered":"Muere Arturo &#8220;Rudo&#8221; Rivera"},"content":{"rendered":"\n<p>Muri\u00f3 Arturo &#8220;Rudo&#8221; Rivera.&nbsp;<\/p>\n\n\n\n<p>El destacado cronista de lucha libre se ha ido a los 67 a\u00f1os y deja para la historia sus frases: &#8220;Arriba los rudos&#8221;, &#8220;Wacala de pollo&#8221; y otras m\u00e1s.&nbsp;<\/p>\n\n\n\n<p>Esta semana se hab\u00eda reportado que estaba hospitalizado y se solicit\u00f3 donadores de sangre y plaquetas,&nbsp;<\/p>\n\n\n\n<p>Con un estilo \u00fanico inici\u00f3 su carrera en 1983 en Televisa donde fue reportero y tambi\u00e9n cronista de f\u00fatbol, aunque posteriormente encontr\u00f3 en la lucha libre lo que ser\u00eda su gran pasi\u00f3n.<\/p>\n\n\n\n<figure class=\"wp-block-image size-large\"><img loading=\"lazy\" decoding=\"async\" width=\"640\" height=\"480\" src=\"http:\/\/diariodigitalmx.com\/wp-content\/uploads\/2022\/02\/images-4-2.jpeg\" alt=\"\" class=\"wp-image-71207\" srcset=\"https:\/\/diariodigitalmx.com\/wp-content\/uploads\/2022\/02\/images-4-2.jpeg 640w, https:\/\/diariodigitalmx.com\/wp-content\/uploads\/2022\/02\/images-4-2-300x225.jpeg 300w\" sizes=\"(max-width: 640px) 100vw, 640px\" \/><\/figure>\n\n\n\n<p>Atlantista de coraz\u00f3n Arturo Rivera fue una voz emblem\u00e1tica en el pancracio mexicano.&nbsp;<\/p>\n\n\n\n<p>Antes de salir de Televisa, present\u00f3 algunos problemas de salud, que continuaron posteriormente.&nbsp;<\/p>\n\n\n\n<p>Esteban Arce quien fue su compa\u00f1ero en uno de los \u00faltimos programas en Televisa, confirm\u00f3 la noticia del fallecimiento.<\/p>\n\n\n\n<figure class=\"wp-block-image size-large\"><img loading=\"lazy\" decoding=\"async\" width=\"842\" height=\"792\" src=\"http:\/\/diariodigitalmx.com\/wp-content\/uploads\/2022\/02\/Screenshot_20220209_231550_com.android.chrome2.jpg\" alt=\"\" class=\"wp-image-71209\" srcset=\"https:\/\/diariodigitalmx.com\/wp-content\/uploads\/2022\/02\/Screenshot_20220209_231550_com.android.chrome2.jpg 842w, https:\/\/diariodigitalmx.com\/wp-content\/uploads\/2022\/02\/Screenshot_20220209_231550_com.android.chrome2-300x282.jpg 300w, https:\/\/diariodigitalmx.com\/wp-content\/uploads\/2022\/02\/Screenshot_20220209_231550_com.android.chrome2-768x722.jpg 768w\" sizes=\"(max-width: 842px) 100vw, 842px\" \/><\/figure>\n\n\n\n<p>Tambi\u00e9n conduc\u00eda un exitoso programa de radio&nbsp;<\/p>\n","protected":false},"excerpt":{"rendered":"<p>Muri\u00f3 Arturo &#8220;Rudo&#8221; Rivera.&nbsp; El destacado cronista de lucha libre se ha ido a los 67 a\u00f1os y deja para la historia sus frases: &#8220;Arriba los rudos&#8221;, &#8220;Wacala de pollo&#8221; y otras m\u00e1s.&nbsp; Esta semana se hab\u00eda reportado que estaba hospitalizado y se solicit\u00f3 donadores de sangre y plaquetas,&nbsp; Con un estilo \u00fanico inici\u00f3 su [&hellip;]<\/p>\n","protected":false},"author":1,"featured_media":71206,"comment_status":"open","ping_status":"open","sticky":true,"template":"","format":"standard","meta":{"footnotes":""},"categories":[8,14],"tags":[],"_links":{"self":[{"href":"https:\/\/diariodigitalmx.com\/index.php\/wp-json\/wp\/v2\/posts\/71203"}],"collection":[{"href":"https:\/\/diariodigitalmx.com\/index.php\/wp-json\/wp\/v2\/posts"}],"about":[{"href":"https:\/\/diariodigitalmx.com\/index.php\/wp-json\/wp\/v2\/types\/post"}],"author":[{"embeddable":true,"href":"https:\/\/diariodigitalmx.com\/index.php\/wp-json\/wp\/v2\/users\/1"}],"replies":[{"embeddable":true,"href":"https:\/\/diariodigitalmx.com\/index.php\/wp-json\/wp\/v2\/comments?post=71203"}],"version-history":[{"count":4,"href":"https:\/\/diariodigitalmx.com\/index.php\/wp-json\/wp\/v2\/posts\/71203\/revisions"}],"predecessor-version":[{"id":71210,"href":"https:\/\/diariodigitalmx.com\/index.php\/wp-json\/wp\/v2\/posts\/71203\/revisions\/71210"}],"wp:featuredmedia":[{"embeddable":true,"href":"https:\/\/diariodigitalmx.com\/index.php\/wp-json\/wp\/v2\/media\/71206"}],"wp:attachment":[{"href":"https:\/\/diariodigitalmx.com\/index.php\/wp-json\/wp\/v2\/media?parent=71203"}],"wp:term":[{"taxonomy":"category","embeddable":true,"href":"https:\/\/diariodigitalmx.com\/index.php\/wp-json\/wp\/v2\/categories?post=71203"},{"taxonomy":"post_tag","embeddable":true,"href":"https:\/\/diariodigitalmx.com\/index.php\/wp-json\/wp\/v2\/tags?post=71203"}],"curies":[{"name":"wp","href":"https:\/\/api.w.org\/{rel}","templated":true}]}}