{"id":71211,"date":"2022-02-09T23:30:30","date_gmt":"2022-02-10T05:30:30","guid":{"rendered":"http:\/\/diariodigitalmx.com\/?p=71211"},"modified":"2022-02-09T23:32:34","modified_gmt":"2022-02-10T05:32:34","slug":"adios-super-muneco-luto-en-la-lucha-libre","status":"publish","type":"post","link":"https:\/\/diariodigitalmx.com\/index.php\/2022\/02\/09\/adios-super-muneco-luto-en-la-lucha-libre\/","title":{"rendered":"Adi\u00f3s Super Mu\u00f1eco; luto en la lucha libre"},"content":{"rendered":"\n<p>El luchador mexicano Super Mu\u00f1eco falleci\u00f3 a los 59 a\u00f1os de edad, inform\u00f3 el Consejo Mundial de Lucha Libre y la Triple A a trav\u00e9s de sus redes sociales.<\/p>\n\n\n\n<p>En d\u00edas pasados se hab\u00eda reportado que el luchador mexicano fue\u00a0 fue internado en el Hospital Balbuena de la Ciudad de M\u00e9xico, debido a serios problemas de salud.<\/p>\n\n\n\n<figure class=\"wp-block-image size-large\"><img loading=\"lazy\" decoding=\"async\" width=\"801\" height=\"1024\" src=\"http:\/\/diariodigitalmx.com\/wp-content\/uploads\/2022\/02\/Screenshot_20220209_232350_com.android.chrome2-801x1024.jpg\" alt=\"\" class=\"wp-image-71216\" srcset=\"https:\/\/diariodigitalmx.com\/wp-content\/uploads\/2022\/02\/Screenshot_20220209_232350_com.android.chrome2-801x1024.jpg 801w, https:\/\/diariodigitalmx.com\/wp-content\/uploads\/2022\/02\/Screenshot_20220209_232350_com.android.chrome2-235x300.jpg 235w, https:\/\/diariodigitalmx.com\/wp-content\/uploads\/2022\/02\/Screenshot_20220209_232350_com.android.chrome2-768x981.jpg 768w, https:\/\/diariodigitalmx.com\/wp-content\/uploads\/2022\/02\/Screenshot_20220209_232350_com.android.chrome2.jpg 968w\" sizes=\"(max-width: 801px) 100vw, 801px\" \/><\/figure>\n\n\n\n<p>El r\u00e9feri Baby Richard fue el encargado de revelar la noticia al decirle a TV Azteca que el esteta de 59 a\u00f1os sufri\u00f3 una lesi\u00f3n en la cabeza hace dos semanas durante una funci\u00f3n de homenaje en Los \u00c1ngeles, California.<\/p>\n\n\n\n<p>Originario de la Ciudad de M\u00e9xico se distingui\u00f3 por su carisma cuando form\u00f3 parte de la Lucha Libre AAA, as\u00ed como tambi\u00e9n en su momento durante su paso por el Consejo Mundial de Lucha Libre (CMLL).<\/p>\n\n\n\n<figure class=\"wp-block-image size-large\"><img loading=\"lazy\" decoding=\"async\" width=\"452\" height=\"678\" src=\"http:\/\/diariodigitalmx.com\/wp-content\/uploads\/2022\/02\/images-7.jpeg\" alt=\"\" class=\"wp-image-71214\" srcset=\"https:\/\/diariodigitalmx.com\/wp-content\/uploads\/2022\/02\/images-7.jpeg 452w, https:\/\/diariodigitalmx.com\/wp-content\/uploads\/2022\/02\/images-7-200x300.jpeg 200w\" sizes=\"(max-width: 452px) 100vw, 452px\" \/><\/figure>\n\n\n\n<p>S\u00faper Mu\u00f1eco siempre estuvo ligado al mundo del pancracio, pues era hijo del tambi\u00e9n esteta Sanguinario, motivo por el que en sus inicios se hizo llamar Sanguinario Jr.<\/p>\n\n\n\n<p>Su debut profesional fue el 22 de marzo de 1982. Los comienzos no fueron f\u00e1ciles para S\u00faper Mu\u00f1eco, pues el hecho de que representara a un payaso arriba del ring (al adoptar la personalidad de Cepill\u00edn) no ca\u00eda bien entre otros luchadores.<\/p>\n\n\n\n<p>Entre sus principales v\u00edctimas figuran M\u00e9dico Asesino Jr., Cad\u00e1ver I, Coco Negro y Espantap\u00e1jaros. Adem\u00e1s, fue campe\u00f3n nacional y mundial en la modalidad de tercias.<\/p>\n\n\n\n<p>Tambi\u00e9n es recordado por haber formado parte de &#8220;El Tr\u00edo Fantas\u00eda&#8221; junto con S\u00faper Rat\u00f3n y S\u00faper Pinocho, con quienes vivi\u00f3 uno de sus mejores momentos en la lucha libre en 1990 al acabar con las inc\u00f3gnitas de las cuatro Tortugas Ninja en la Arena M\u00e9xico.<\/p>\n","protected":false},"excerpt":{"rendered":"<p>El luchador mexicano Super Mu\u00f1eco falleci\u00f3 a los 59 a\u00f1os de edad, inform\u00f3 el Consejo Mundial de Lucha Libre y la Triple A a trav\u00e9s de sus redes sociales. En d\u00edas pasados se hab\u00eda reportado que el luchador mexicano fue\u00a0 fue internado en el Hospital Balbuena de la Ciudad de M\u00e9xico, debido a serios problemas [&hellip;]<\/p>\n","protected":false},"author":1,"featured_media":71213,"comment_status":"open","ping_status":"open","sticky":true,"template":"","format":"standard","meta":{"footnotes":""},"categories":[8,14],"tags":[],"_links":{"self":[{"href":"https:\/\/diariodigitalmx.com\/index.php\/wp-json\/wp\/v2\/posts\/71211"}],"collection":[{"href":"https:\/\/diariodigitalmx.com\/index.php\/wp-json\/wp\/v2\/posts"}],"about":[{"href":"https:\/\/diariodigitalmx.com\/index.php\/wp-json\/wp\/v2\/types\/post"}],"author":[{"embeddable":true,"href":"https:\/\/diariodigitalmx.com\/index.php\/wp-json\/wp\/v2\/users\/1"}],"replies":[{"embeddable":true,"href":"https:\/\/diariodigitalmx.com\/index.php\/wp-json\/wp\/v2\/comments?post=71211"}],"version-history":[{"count":3,"href":"https:\/\/diariodigitalmx.com\/index.php\/wp-json\/wp\/v2\/posts\/71211\/revisions"}],"predecessor-version":[{"id":71217,"href":"https:\/\/diariodigitalmx.com\/index.php\/wp-json\/wp\/v2\/posts\/71211\/revisions\/71217"}],"wp:featuredmedia":[{"embeddable":true,"href":"https:\/\/diariodigitalmx.com\/index.php\/wp-json\/wp\/v2\/media\/71213"}],"wp:attachment":[{"href":"https:\/\/diariodigitalmx.com\/index.php\/wp-json\/wp\/v2\/media?parent=71211"}],"wp:term":[{"taxonomy":"category","embeddable":true,"href":"https:\/\/diariodigitalmx.com\/index.php\/wp-json\/wp\/v2\/categories?post=71211"},{"taxonomy":"post_tag","embeddable":true,"href":"https:\/\/diariodigitalmx.com\/index.php\/wp-json\/wp\/v2\/tags?post=71211"}],"curies":[{"name":"wp","href":"https:\/\/api.w.org\/{rel}","templated":true}]}}