{"id":71235,"date":"2022-02-10T12:17:19","date_gmt":"2022-02-10T18:17:19","guid":{"rendered":"http:\/\/diariodigitalmx.com\/?p=71235"},"modified":"2022-02-10T12:19:30","modified_gmt":"2022-02-10T18:19:30","slug":"el-problema-de-la-inseguridad","status":"publish","type":"post","link":"https:\/\/diariodigitalmx.com\/index.php\/2022\/02\/10\/el-problema-de-la-inseguridad\/","title":{"rendered":"El problema de la inseguridad"},"content":{"rendered":"\n<p>Ra\u00fal Guajardo Cant\u00fa <\/p>\n\n\n\n<p>Dentro de los distintos asuntos dif\u00edciles que le ha tocado enfrentar al gobernador del estado, Samuel Garc\u00eda, el de la seguridad tiene un especial inter\u00e9s, quiz\u00e1 solo comparable al de la escasez del agua que amenaza con convertirse en una verdadera crisis con costos muy altos para la sociedad neolonesa.<\/p>\n\n\n\n<p>Estamos viendo un escenario cercano al que se present\u00f3 durante los primeros a\u00f1os del gobierno de Rodrigo Medina en el que los delitos de alto impacto dominaban la escena p\u00fablica trayendo consigo una sensaci\u00f3n de inseguridad que se extendi\u00f3 a toda la sociedad.<\/p>\n\n\n\n<p>No digo que la situaci\u00f3n sea igual, sino que ese tipo de delitos puede contaminar la percepci\u00f3n de inseguridad precisamente porque nos hace sentir vulnerables a todos.<\/p>\n\n\n\n<p>Hace unos d\u00edas, el secretario de Seguridad, Aldo Fasci, anunci\u00f3 la inversi\u00f3n de 4 mil millones de pesos en el rubro de seguridad, lo cual es loable a condici\u00f3n de que las inversiones se realicen no solo con transparencia, sino principalmente en aquellos rubros en los cuales resultan indispensables, como es el del \u00e1rea de inteligencia y no solo en la compra de patrullas y c\u00e1maras u otro tipo de herramientas que sin el factor humano no van mucho m\u00e1s all\u00e1 de los logros actuales.<\/p>\n\n\n\n<p>El gobernador Samuel Garc\u00eda debe poner especial atenci\u00f3n en este rubro porque su visi\u00f3n de futuro, de un futuro de crecimiento, de creaci\u00f3n de riqueza para todos los nuevoleoneses, de un aumento en el bienestar, puede ser comprometida en la medida en que los ciudadanos no se sientan seguros.<\/p>\n\n\n\n<p>Recordemos que la inseguridad puede ser un factor para alejar las inversiones y con ello la creaci\u00f3n de empleos tan necesarios para los nuevoleoneses.<\/p>\n","protected":false},"excerpt":{"rendered":"<p>Ra\u00fal Guajardo Cant\u00fa Dentro de los distintos asuntos dif\u00edciles que le ha tocado enfrentar al gobernador del estado, Samuel Garc\u00eda, el de la seguridad tiene un especial inter\u00e9s, quiz\u00e1 solo comparable al de la escasez del agua que amenaza con convertirse en una verdadera crisis con costos muy altos para la sociedad neolonesa. Estamos viendo [&hellip;]<\/p>\n","protected":false},"author":1,"featured_media":71237,"comment_status":"open","ping_status":"open","sticky":true,"template":"","format":"standard","meta":{"footnotes":""},"categories":[12,5],"tags":[],"_links":{"self":[{"href":"https:\/\/diariodigitalmx.com\/index.php\/wp-json\/wp\/v2\/posts\/71235"}],"collection":[{"href":"https:\/\/diariodigitalmx.com\/index.php\/wp-json\/wp\/v2\/posts"}],"about":[{"href":"https:\/\/diariodigitalmx.com\/index.php\/wp-json\/wp\/v2\/types\/post"}],"author":[{"embeddable":true,"href":"https:\/\/diariodigitalmx.com\/index.php\/wp-json\/wp\/v2\/users\/1"}],"replies":[{"embeddable":true,"href":"https:\/\/diariodigitalmx.com\/index.php\/wp-json\/wp\/v2\/comments?post=71235"}],"version-history":[{"count":2,"href":"https:\/\/diariodigitalmx.com\/index.php\/wp-json\/wp\/v2\/posts\/71235\/revisions"}],"predecessor-version":[{"id":71238,"href":"https:\/\/diariodigitalmx.com\/index.php\/wp-json\/wp\/v2\/posts\/71235\/revisions\/71238"}],"wp:featuredmedia":[{"embeddable":true,"href":"https:\/\/diariodigitalmx.com\/index.php\/wp-json\/wp\/v2\/media\/71237"}],"wp:attachment":[{"href":"https:\/\/diariodigitalmx.com\/index.php\/wp-json\/wp\/v2\/media?parent=71235"}],"wp:term":[{"taxonomy":"category","embeddable":true,"href":"https:\/\/diariodigitalmx.com\/index.php\/wp-json\/wp\/v2\/categories?post=71235"},{"taxonomy":"post_tag","embeddable":true,"href":"https:\/\/diariodigitalmx.com\/index.php\/wp-json\/wp\/v2\/tags?post=71235"}],"curies":[{"name":"wp","href":"https:\/\/api.w.org\/{rel}","templated":true}]}}