{"id":71239,"date":"2022-02-10T12:54:08","date_gmt":"2022-02-10T18:54:08","guid":{"rendered":"http:\/\/diariodigitalmx.com\/?p=71239"},"modified":"2022-02-10T12:55:23","modified_gmt":"2022-02-10T18:55:23","slug":"es-oficial-regreso-obligatorio-a-clases-en-nl","status":"publish","type":"post","link":"https:\/\/diariodigitalmx.com\/index.php\/2022\/02\/10\/es-oficial-regreso-obligatorio-a-clases-en-nl\/","title":{"rendered":"Es oficial, regreso obligatorio a clases en NL"},"content":{"rendered":"\n<p>Walter Elizondo <\/p>\n\n\n\n<p>Monterrey &#8211; Confirm\u00f3 el Gobierno de Nuevo Le\u00f3n el regreso obligatorio a las aulas a partir del pr\u00f3ximo lunes.&nbsp;<\/p>\n\n\n\n<p>El Gobernador Samuel Garc\u00eda argument\u00f3 que hay una tendencia a la baja en los contagios de Covid, por lo que se reactivan las clases presenciales en educaci\u00f3n b\u00e1sica.&nbsp;<\/p>\n\n\n\n<p>De esta manera, alrededor de un mill\u00f3n y medio de alumnos deber\u00e1n hacer acto de presencia en las escuelas.&nbsp;<\/p>\n\n\n\n<p>A su vez la secretaria de Educaci\u00f3n estatal Sofialeticia Morales, Secretaria de Educaci\u00f3n, explica que ya hay m\u00e1s de 241 mil estudiantes que asisten a clases presenciales, el equivalente al 23 por ciento.&nbsp;<\/p>\n\n\n\n<p>En otras cifras, coment\u00f3 que el 86 por ciento&nbsp; de las 5 mil escuelas est\u00e1n funcionando, mientras el 85 por ciento de los maestros tiene actividades presenciales, adem\u00e1s que el 90 por ciento cuentan ya con su esquema de vacunaci\u00f3n completo.<\/p>\n\n\n\n<p>Por otro lado, las autoridades de Salud aumentaron al 60 por ciento los aforos de todo tipo de establecimientos comerciales. Se incluye casinos, antros, bares, cantinas y otros que estaban al 30 por ciento.<\/p>\n\n\n\n<p>&#8220;La tendencia es muy importante a la baja&#8221;, expuso la titular de la dependencia,&nbsp;<\/p>\n\n\n\n<p>Alma Rosa Marroqu\u00edn, secretaria de Salud dice que la tendencia de contagios es a la baja y por eso se tomaron las decisiones.&nbsp;<\/p>\n\n\n\n<p>Hasta la fecha los alumnos podr\u00edan tomar clases a distancia o bien asistir a las aulas, pero desde el lunes 14 de febrero ser\u00e1 obligatorio retornar a las aulas.&nbsp;<\/p>\n\n\n\n<p>Para ello se aplicar\u00e1n los protocolos sanitarios ya definidos desde el inicio del ciclo escolar, cuando se estableci\u00f3 un modelo de asistencia voluntaria, seg\u00fan la funcionaria estatal.<\/p>\n\n\n\n<figure class=\"wp-block-image size-large\"><img loading=\"lazy\" decoding=\"async\" width=\"1024\" height=\"683\" src=\"http:\/\/diariodigitalmx.com\/wp-content\/uploads\/2022\/02\/FB_IMG_1644021002058-1024x683.jpg\" alt=\"\" class=\"wp-image-71242\" srcset=\"https:\/\/diariodigitalmx.com\/wp-content\/uploads\/2022\/02\/FB_IMG_1644021002058-1024x683.jpg 1024w, https:\/\/diariodigitalmx.com\/wp-content\/uploads\/2022\/02\/FB_IMG_1644021002058-300x200.jpg 300w, https:\/\/diariodigitalmx.com\/wp-content\/uploads\/2022\/02\/FB_IMG_1644021002058-768x512.jpg 768w, https:\/\/diariodigitalmx.com\/wp-content\/uploads\/2022\/02\/FB_IMG_1644021002058.jpg 1080w\" sizes=\"(max-width: 1024px) 100vw, 1024px\" \/><\/figure>\n\n\n\n<p>En tanto, algunos planteles han entrado desde hace d\u00edas en una etapa de mejor\u00eda en sus instalaciones, aunque otras m\u00e1s siguen con problemas en sus instalaciones, lo que han denunciado los padres de familia.&nbsp;<\/p>\n","protected":false},"excerpt":{"rendered":"<p>Walter Elizondo Monterrey &#8211; Confirm\u00f3 el Gobierno de Nuevo Le\u00f3n el regreso obligatorio a las aulas a partir del pr\u00f3ximo lunes.&nbsp; El Gobernador Samuel Garc\u00eda argument\u00f3 que hay una tendencia a la baja en los contagios de Covid, por lo que se reactivan las clases presenciales en educaci\u00f3n b\u00e1sica.&nbsp; De esta manera, alrededor de un [&hellip;]<\/p>\n","protected":false},"author":1,"featured_media":71241,"comment_status":"open","ping_status":"open","sticky":true,"template":"","format":"standard","meta":{"footnotes":""},"categories":[6,3],"tags":[],"_links":{"self":[{"href":"https:\/\/diariodigitalmx.com\/index.php\/wp-json\/wp\/v2\/posts\/71239"}],"collection":[{"href":"https:\/\/diariodigitalmx.com\/index.php\/wp-json\/wp\/v2\/posts"}],"about":[{"href":"https:\/\/diariodigitalmx.com\/index.php\/wp-json\/wp\/v2\/types\/post"}],"author":[{"embeddable":true,"href":"https:\/\/diariodigitalmx.com\/index.php\/wp-json\/wp\/v2\/users\/1"}],"replies":[{"embeddable":true,"href":"https:\/\/diariodigitalmx.com\/index.php\/wp-json\/wp\/v2\/comments?post=71239"}],"version-history":[{"count":2,"href":"https:\/\/diariodigitalmx.com\/index.php\/wp-json\/wp\/v2\/posts\/71239\/revisions"}],"predecessor-version":[{"id":71243,"href":"https:\/\/diariodigitalmx.com\/index.php\/wp-json\/wp\/v2\/posts\/71239\/revisions\/71243"}],"wp:featuredmedia":[{"embeddable":true,"href":"https:\/\/diariodigitalmx.com\/index.php\/wp-json\/wp\/v2\/media\/71241"}],"wp:attachment":[{"href":"https:\/\/diariodigitalmx.com\/index.php\/wp-json\/wp\/v2\/media?parent=71239"}],"wp:term":[{"taxonomy":"category","embeddable":true,"href":"https:\/\/diariodigitalmx.com\/index.php\/wp-json\/wp\/v2\/categories?post=71239"},{"taxonomy":"post_tag","embeddable":true,"href":"https:\/\/diariodigitalmx.com\/index.php\/wp-json\/wp\/v2\/tags?post=71239"}],"curies":[{"name":"wp","href":"https:\/\/api.w.org\/{rel}","templated":true}]}}