{"id":7124,"date":"2019-07-02T17:58:43","date_gmt":"2019-07-02T22:58:43","guid":{"rendered":"http:\/\/diariodigitalmx.com\/?p=7124"},"modified":"2019-07-02T17:58:44","modified_gmt":"2019-07-02T22:58:44","slug":"renuncia-temporal-de-lagarde-a-la-direccion-del-fmi","status":"publish","type":"post","link":"https:\/\/diariodigitalmx.com\/index.php\/2019\/07\/02\/renuncia-temporal-de-lagarde-a-la-direccion-del-fmi\/","title":{"rendered":"Renuncia temporal de Lagarde, a la direcci\u00f3n del FMI"},"content":{"rendered":"\n<p>La directora gerente del Fondo Monetario Internacional (FMI), Christine Lagarde, se mostr\u00f3 este martes &#8220;honrada&#8221; por haber sido nominada para presidir el Banco Central Europeo (BCE) y anunci\u00f3 su &#8220;renuncia temporal&#8221; al frente de la instituci\u00f3n financiera internacional que encabeza desde 2011.<\/p>\n\n\n\n<p>&#8220;Estoy honrada de haber sido nominada para la presidencia del Banco Central Europeo&#8221;, indic\u00f3 Lagarde en un escueto comunicado.<\/p>\n\n\n\n<p>&#8220;A la luz de esto, y tras consultar con el comit\u00e9 de \u00e9tica del Directorio Ejecutivo del FMI, he decidido renunciar de manera temporal a mis responsabilidades como directora gerente del FMI durante el periodo de nominaci\u00f3n&#8221;, agreg\u00f3.<\/p>\n\n\n\n<p>Lagarde, de 63 a\u00f1os, lleg\u00f3 a la principal instituci\u00f3n financiera internacional en 2011 tras la salida pol\u00e9mica de Dominique Strauss-Kahn, otro antiguo ministro franc\u00e9s que tuvo que dimitir enfangado en un esc\u00e1ndalo sexual.<\/p>\n\n\n\n<p>Su segundo mandato, renovado en 2016, conclu\u00eda en julio de 2021.<\/p>\n\n\n\n<p>Con su salida del Fondo, se abre un complejo proceso de sucesi\u00f3n en el seno del organismo.<\/p>\n\n\n\n<p>Fruto de una norma no escrita tras los acuerdos de Bretton Woods de 1944 en los que se fund\u00f3 el FMI y su instituci\u00f3n hermana, el Banco Mundial, las grandes potencias se repartieron la designaci\u00f3n de la direcci\u00f3n de ambos organismos.<\/p>\n\n\n\n<p>Estados Unidos escoge al presidente del BM mientras que Europa selecciona al jefe del Fondo.<\/p>\n\n\n\n<p>El nombre de Lagarde hab\u00eda sonado para presidir la Comisi\u00f3n Europea o el Banco Central Europeo durante los \u00faltimos meses, pero al ser preguntada sobre si asumir\u00eda uno de los altos cargos institucionales de la Uni\u00f3n Europea (UE), en junio pasado argument\u00f3 que ya ten\u00eda un &#8220;mandato&#8221; en el FMI.<\/p>\n\n\n\n<p>Para que se convierta de forma efectiva en la primera mujer presidenta del BCE, el Consejo de la UE -los ministros de los Estados miembros- debe dar su visto bueno.<\/p>\n\n\n\n<p>Tambi\u00e9n se deben mantener consultas con la Euroc\u00e1mara y el Consejo de Gobierno del BCE (compuesto por los seis miembros del Consejo Ejecutivo y los gobernadores de los bancos centrales de los diecinueve pa\u00edses del euro).<\/p>\n\n\n\n<p>Tras ese proceso, los l\u00edderes de la UE podr\u00e1n designarla oficial y definitivamente como presidenta del BCE, donde reemplazar\u00eda al italiano Mario Draghi.<\/p>\n","protected":false},"excerpt":{"rendered":"<p>La directora gerente del Fondo Monetario Internacional (FMI), Christine Lagarde, se mostr\u00f3 este martes &#8220;honrada&#8221; por haber sido nominada para presidir el Banco Central Europeo (BCE) y anunci\u00f3 su &#8220;renuncia temporal&#8221; al frente de la instituci\u00f3n financiera internacional que encabeza desde 2011. &#8220;Estoy honrada de haber sido nominada para la presidencia del Banco Central Europeo&#8221;, [&hellip;]<\/p>\n","protected":false},"author":1,"featured_media":7126,"comment_status":"open","ping_status":"open","sticky":true,"template":"","format":"standard","meta":{"footnotes":""},"categories":[4],"tags":[],"_links":{"self":[{"href":"https:\/\/diariodigitalmx.com\/index.php\/wp-json\/wp\/v2\/posts\/7124"}],"collection":[{"href":"https:\/\/diariodigitalmx.com\/index.php\/wp-json\/wp\/v2\/posts"}],"about":[{"href":"https:\/\/diariodigitalmx.com\/index.php\/wp-json\/wp\/v2\/types\/post"}],"author":[{"embeddable":true,"href":"https:\/\/diariodigitalmx.com\/index.php\/wp-json\/wp\/v2\/users\/1"}],"replies":[{"embeddable":true,"href":"https:\/\/diariodigitalmx.com\/index.php\/wp-json\/wp\/v2\/comments?post=7124"}],"version-history":[{"count":1,"href":"https:\/\/diariodigitalmx.com\/index.php\/wp-json\/wp\/v2\/posts\/7124\/revisions"}],"predecessor-version":[{"id":7125,"href":"https:\/\/diariodigitalmx.com\/index.php\/wp-json\/wp\/v2\/posts\/7124\/revisions\/7125"}],"wp:featuredmedia":[{"embeddable":true,"href":"https:\/\/diariodigitalmx.com\/index.php\/wp-json\/wp\/v2\/media\/7126"}],"wp:attachment":[{"href":"https:\/\/diariodigitalmx.com\/index.php\/wp-json\/wp\/v2\/media?parent=7124"}],"wp:term":[{"taxonomy":"category","embeddable":true,"href":"https:\/\/diariodigitalmx.com\/index.php\/wp-json\/wp\/v2\/categories?post=7124"},{"taxonomy":"post_tag","embeddable":true,"href":"https:\/\/diariodigitalmx.com\/index.php\/wp-json\/wp\/v2\/tags?post=7124"}],"curies":[{"name":"wp","href":"https:\/\/api.w.org\/{rel}","templated":true}]}}