{"id":71248,"date":"2022-02-10T17:52:22","date_gmt":"2022-02-10T23:52:22","guid":{"rendered":"http:\/\/diariodigitalmx.com\/?p=71248"},"modified":"2022-02-10T17:54:01","modified_gmt":"2022-02-10T23:54:01","slug":"banxico-sube","status":"publish","type":"post","link":"https:\/\/diariodigitalmx.com\/index.php\/2022\/02\/10\/banxico-sube\/","title":{"rendered":"Banxico sube 6% la tasa referencial"},"content":{"rendered":"\n<p>La Junta de Gobierno del Banco de M\u00e9xico elev\u00f3 la tasa de referencia en 50 puntos base para dejarla en 6.0 por ciento, su sexta alza al hilo, con el objetivo de contener la inflaci\u00f3n que se ubica por arriba de 7.0 por ciento en los \u00faltimos tres meses, ya que la magnitud y duraci\u00f3n de las presiones ha sido mayor a la esperada.<\/p>\n\n\n\n<p>En su primer anuncio de pol\u00edtica monetaria de 2021, encabezado tambi\u00e9n por primera ocasi\u00f3n por Victoria Rodr\u00edguez Ceja como gobernadora del banco central, la instituci\u00f3n se\u00f1al\u00f3 que este incremento en la tasa de referencia se ajusta a la trayectoria que se requiere para que la inflaci\u00f3n converja a su meta de 3.0 por ciento.<\/p>\n\n\n\n<p>Con el voto disidente del subgobernador Gerardo Esquivel, el \u00fanico a favor de un aumento de s\u00f3lo 25 puntos base, la Junta de Gobierno decidi\u00f3 elevar la tasa de referencia a 6.0 por ciento, tras evaluar la magnitud y diversidad de los choques que han afectado a la inflaci\u00f3n y sus determinantes.<\/p>\n\n\n\n<p>Asimismo, apunt\u00f3, con base en el riesgo de que se contaminen las expectativas de mediano y largo plazos y la formaci\u00f3n de precios, as\u00ed como los mayores retos ante el apretamiento de las condiciones monetarias y financieras globales.<\/p>\n\n\n\n<p>\u201cLas presiones inflacionarias han sido de magnitud y duraci\u00f3n mayor a la anticipada. Las inflaciones anual general y subyacente, en enero, se ubicaron en 7.07 por ciento y 6.21 por ciento, respectivamente\u201d<\/p>\n\n\n\n<p>Se\u00f1al\u00f3 que sus expectativas para 2022 y 2023 volvieron a incrementarse, mientras que las de mediano plazo disminuyeron ligeramente y las de largo plazo se han mantenido estables en niveles superiores a la meta.<\/p>\n\n\n\n<p>Precis\u00f3 que los riesgos al alza para estas previsiones son presiones inflacionarias externas; presiones de costos; persistencia de la inflaci\u00f3n subyacente en niveles elevados; depreciaci\u00f3n cambiaria, y aumentos de precios agropecuarios y energ\u00e9ticos.<\/p>\n\n\n\n<p>En tanto, los riesgos a la baja para la inflaci\u00f3n son un efecto mayor al esperado de la brecha negativa del producto; medidas de distanciamiento social, y apreciaci\u00f3n cambiaria.<\/p>\n\n\n\n<p>El balance de riesgos respecto a la trayectoria prevista para la inflaci\u00f3n en el horizonte de pron\u00f3stico se mantiene al alza, acot\u00f3 el Banxico.<\/p>\n","protected":false},"excerpt":{"rendered":"<p>La Junta de Gobierno del Banco de M\u00e9xico elev\u00f3 la tasa de referencia en 50 puntos base para dejarla en 6.0 por ciento, su sexta alza al hilo, con el objetivo de contener la inflaci\u00f3n que se ubica por arriba de 7.0 por ciento en los \u00faltimos tres meses, ya que la magnitud y duraci\u00f3n [&hellip;]<\/p>\n","protected":false},"author":1,"featured_media":71251,"comment_status":"open","ping_status":"open","sticky":true,"template":"","format":"standard","meta":{"footnotes":""},"categories":[10,3],"tags":[],"_links":{"self":[{"href":"https:\/\/diariodigitalmx.com\/index.php\/wp-json\/wp\/v2\/posts\/71248"}],"collection":[{"href":"https:\/\/diariodigitalmx.com\/index.php\/wp-json\/wp\/v2\/posts"}],"about":[{"href":"https:\/\/diariodigitalmx.com\/index.php\/wp-json\/wp\/v2\/types\/post"}],"author":[{"embeddable":true,"href":"https:\/\/diariodigitalmx.com\/index.php\/wp-json\/wp\/v2\/users\/1"}],"replies":[{"embeddable":true,"href":"https:\/\/diariodigitalmx.com\/index.php\/wp-json\/wp\/v2\/comments?post=71248"}],"version-history":[{"count":2,"href":"https:\/\/diariodigitalmx.com\/index.php\/wp-json\/wp\/v2\/posts\/71248\/revisions"}],"predecessor-version":[{"id":71250,"href":"https:\/\/diariodigitalmx.com\/index.php\/wp-json\/wp\/v2\/posts\/71248\/revisions\/71250"}],"wp:featuredmedia":[{"embeddable":true,"href":"https:\/\/diariodigitalmx.com\/index.php\/wp-json\/wp\/v2\/media\/71251"}],"wp:attachment":[{"href":"https:\/\/diariodigitalmx.com\/index.php\/wp-json\/wp\/v2\/media?parent=71248"}],"wp:term":[{"taxonomy":"category","embeddable":true,"href":"https:\/\/diariodigitalmx.com\/index.php\/wp-json\/wp\/v2\/categories?post=71248"},{"taxonomy":"post_tag","embeddable":true,"href":"https:\/\/diariodigitalmx.com\/index.php\/wp-json\/wp\/v2\/tags?post=71248"}],"curies":[{"name":"wp","href":"https:\/\/api.w.org\/{rel}","templated":true}]}}