{"id":71252,"date":"2022-02-10T18:31:28","date_gmt":"2022-02-11T00:31:28","guid":{"rendered":"http:\/\/diariodigitalmx.com\/?p=71252"},"modified":"2022-02-10T18:31:57","modified_gmt":"2022-02-11T00:31:57","slug":"exige-espana-respeto-tension-con-mexico","status":"publish","type":"post","link":"https:\/\/diariodigitalmx.com\/index.php\/2022\/02\/10\/exige-espana-respeto-tension-con-mexico\/","title":{"rendered":"Exige Espa\u00f1a respeto; tensi\u00f3n con M\u00e9xico"},"content":{"rendered":"\n<p>Espa\u00f1a revir\u00f3 al presidente de M\u00e9xico, Andr\u00e9s Manuel L\u00f3pez y le exigi\u00f3 respeto ante sus declaraciones de una pausa a las relaciones y criticar a empresas espa\u00f1olas.&nbsp;<\/p>\n\n\n\n<p>&#8220;El Gobierno de Espa\u00f1a rechaza tajantemente las descalificaciones realizadas por el Presidente de M\u00e9xico, Andr\u00e9s Manuel L\u00f3pez Obrador, en los \u00faltimos d\u00edas contra Espa\u00f1a y las empresas espa\u00f1olas&#8221;, asumi\u00f3 el Ministerio de Asuntos Exteriores espa\u00f1ol.&nbsp;<\/p>\n\n\n\n<p>&#8220;Espa\u00f1a trabajar\u00e1 siempre por mantener las mejores relaciones con M\u00e9xico y reforzar los lazos con este pueblo hermano. El Gobierno desea unas relaciones basadas en el respeto mutuo, como quieren los espa\u00f1oles y los mexicanos, sin este tipo de manifestaciones&#8221;, agreg\u00f3 en un comunicado.&nbsp;<\/p>\n\n\n\n<p>Ambas naciones son socias estrat\u00e9gicas y los pueblos est\u00e1n unidos por &#8220;profundos lazos humanos, culturales, hist\u00f3ricos, ling\u00fc\u00edsticos y econ\u00f3micos&#8221;.<\/p>\n\n\n\n<p>&#8220;Espa\u00f1a es el segundo inversor en M\u00e9xico y cuenta con 7 mil empresas en ese pa\u00eds. La inversi\u00f3n espa\u00f1ola se eleva por encima de 70 mil millones de euros y la mexicana en Espa\u00f1a supera los 25 mil millones&#8221;.&nbsp;<\/p>\n\n\n\n<p>Expuso que m\u00e1s de 175 mil espa\u00f1oles viven en M\u00e9xico y cerca de 30 mil mexicanos en Espa\u00f1a. El diario El Pa\u00eds inform\u00f3 este jueves que el Ministro de Exteriores espa\u00f1ol, Jos\u00e9 Manuel Albares, y el Canciller mexicano Marcelo Ebrard hablaron en una llamada luego de los comentarios de L\u00f3pez Obrador.<\/p>\n\n\n\n<p>El presidente L\u00f3pez se\u00f1al\u00f3 que sus&nbsp; comentarios eran informales, que no estaba planteando oficialmente una ruptura, sino que exig\u00eda respeto hacia M\u00e9xico, al tiempo que acusaba a las compa\u00f1\u00edas extranjeras de aprovecharse del Pa\u00eds.<\/p>\n","protected":false},"excerpt":{"rendered":"<p>Espa\u00f1a revir\u00f3 al presidente de M\u00e9xico, Andr\u00e9s Manuel L\u00f3pez y le exigi\u00f3 respeto ante sus declaraciones de una pausa a las relaciones y criticar a empresas espa\u00f1olas.&nbsp; &#8220;El Gobierno de Espa\u00f1a rechaza tajantemente las descalificaciones realizadas por el Presidente de M\u00e9xico, Andr\u00e9s Manuel L\u00f3pez Obrador, en los \u00faltimos d\u00edas contra Espa\u00f1a y las empresas espa\u00f1olas&#8221;, [&hellip;]<\/p>\n","protected":false},"author":1,"featured_media":71254,"comment_status":"open","ping_status":"open","sticky":true,"template":"","format":"standard","meta":{"footnotes":""},"categories":[4,3],"tags":[],"_links":{"self":[{"href":"https:\/\/diariodigitalmx.com\/index.php\/wp-json\/wp\/v2\/posts\/71252"}],"collection":[{"href":"https:\/\/diariodigitalmx.com\/index.php\/wp-json\/wp\/v2\/posts"}],"about":[{"href":"https:\/\/diariodigitalmx.com\/index.php\/wp-json\/wp\/v2\/types\/post"}],"author":[{"embeddable":true,"href":"https:\/\/diariodigitalmx.com\/index.php\/wp-json\/wp\/v2\/users\/1"}],"replies":[{"embeddable":true,"href":"https:\/\/diariodigitalmx.com\/index.php\/wp-json\/wp\/v2\/comments?post=71252"}],"version-history":[{"count":1,"href":"https:\/\/diariodigitalmx.com\/index.php\/wp-json\/wp\/v2\/posts\/71252\/revisions"}],"predecessor-version":[{"id":71253,"href":"https:\/\/diariodigitalmx.com\/index.php\/wp-json\/wp\/v2\/posts\/71252\/revisions\/71253"}],"wp:featuredmedia":[{"embeddable":true,"href":"https:\/\/diariodigitalmx.com\/index.php\/wp-json\/wp\/v2\/media\/71254"}],"wp:attachment":[{"href":"https:\/\/diariodigitalmx.com\/index.php\/wp-json\/wp\/v2\/media?parent=71252"}],"wp:term":[{"taxonomy":"category","embeddable":true,"href":"https:\/\/diariodigitalmx.com\/index.php\/wp-json\/wp\/v2\/categories?post=71252"},{"taxonomy":"post_tag","embeddable":true,"href":"https:\/\/diariodigitalmx.com\/index.php\/wp-json\/wp\/v2\/tags?post=71252"}],"curies":[{"name":"wp","href":"https:\/\/api.w.org\/{rel}","templated":true}]}}