{"id":71266,"date":"2022-02-10T21:01:18","date_gmt":"2022-02-11T03:01:18","guid":{"rendered":"http:\/\/diariodigitalmx.com\/?p=71266"},"modified":"2022-02-10T21:02:39","modified_gmt":"2022-02-11T03:02:39","slug":"voooooy-en-the-washington-post","status":"publish","type":"post","link":"https:\/\/diariodigitalmx.com\/index.php\/2022\/02\/10\/voooooy-en-the-washington-post\/","title":{"rendered":"Voooooy&#8230; \u00a1En The Washington Post!"},"content":{"rendered":"\n<p><\/p>\n\n\n\n<p>Por Salvador Hern\u00e1ndez <strong><em>LANDEROS<\/em><\/strong><\/p>\n\n\n\n<p><strong><em>Cu\u00e1nta envidia y decepci\u00f3n para editorialistas y aquellos que buscan que sus opiniones se publiquen en alg\u00fan peri\u00f3dico o portal y no logran su prop\u00f3sito<\/em><\/strong>.<\/p>\n\n\n\n<p>Pero que tal la sorpresa que nos dio El Norte al informar que el influyente peri\u00f3dico, <strong><em>The Washington Post, public\u00f3 una opini\u00f3n a Mariana Rodr\u00edguez<\/em><\/strong>.<\/p>\n\n\n\n<p><strong><em>Y eso, ni Cat\u00f3n, Felipe D\u00edaz, Irma Mart\u00ednez y otros distinguidos editorialistas o articulistas de ese medio lo han logrado, pese a ser muy buenos en su oficio<\/em><\/strong>.<\/p>\n\n\n\n<p>Nunca nos imaginamos que la \u201cInfluencer\u201d, esposa del Gobernador Samuel Garc\u00eda, <strong><em>tuviera esa faceta para escribir sobre el tema de la adopci\u00f3n en NL<\/em><\/strong>.<\/p>\n\n\n\n<p>La publicaci\u00f3n fue en l\u00ednea en el apartado \u201cPost Opini\u00f3n\u201d. El texto titulado fue <strong><em>\u201cMariana Rodr\u00edguez Cant\u00fa: El dif\u00edcil camino de la adopci\u00f3n en M\u00e9xico<\/em><\/strong>\u201d.<\/p>\n\n\n\n<p>Por la informaci\u00f3n que nos brinda El Norte<strong><em>, a la esposa del gobernador le dieron muy buen espacio. Aqu\u00ed sus opiniones locales no llegan ni a 10 l\u00edneas<\/em><\/strong>.<\/p>\n\n\n\n<p>Lo que no se comprende es <strong><em>la necedad de buscar espacio en The Washington Post, a un tema que hasta cierto punto ya iba encaminado al olvido.<\/em><\/strong><\/p>\n\n\n\n<p>Pero, si le rascan tantito al siguiente p\u00e1rrafo, podr\u00edan tener problemas. <strong><em>\u201cHace unos d\u00edas<\/em><\/strong><strong><em>, la visita de Emilio a mi Hogar<\/em><\/strong><strong><em> provoc\u00f3 comentarios de todo tipo\u201d-<\/em><\/strong><\/p>\n\n\n\n<p>Alguien podr\u00eda se\u00f1alar que ese peri\u00f3dico est\u00e1 publicando mentiras, porque <strong><em>El menor de edad no fue de visita, lo llevaron al sustraerlo ilegalmente del DIF.<\/em><\/strong><\/p>\n\n\n\n<p>Qu\u00e9 necedad de caer en una tras otra. Si se le quiso ayudar para expiar culpas, la podr\u00edan meter en otro l\u00edo<strong><em>. La adopci\u00f3n es cuesti\u00f3n de amor, no papeleo<\/em><\/strong>.<\/p>\n\n\n\n<p>Por lo pronto, pido a la familia de <strong><em>Mar\u00eda Eugenia Llamas \u201cLa Tucita\u201d,<\/em><\/strong> <strong><em>que no me cobren regal\u00edas por utilizar su inmortal frase <\/em><\/strong>\u2026 \u00a1Vooooy!<\/p>\n\n\n\n<p><a href=\"mailto:chavalolanderos@yahoo.com.mx\">chavalolanderos@yahoo.com.mx<\/a><\/p>\n","protected":false},"excerpt":{"rendered":"<p>Por Salvador Hern\u00e1ndez LANDEROS Cu\u00e1nta envidia y decepci\u00f3n para editorialistas y aquellos que buscan que sus opiniones se publiquen en alg\u00fan peri\u00f3dico o portal y no logran su prop\u00f3sito. Pero que tal la sorpresa que nos dio El Norte al informar que el influyente peri\u00f3dico, The Washington Post, public\u00f3 una opini\u00f3n a Mariana Rodr\u00edguez. Y [&hellip;]<\/p>\n","protected":false},"author":1,"featured_media":71268,"comment_status":"open","ping_status":"open","sticky":true,"template":"","format":"standard","meta":{"footnotes":""},"categories":[12,3],"tags":[],"_links":{"self":[{"href":"https:\/\/diariodigitalmx.com\/index.php\/wp-json\/wp\/v2\/posts\/71266"}],"collection":[{"href":"https:\/\/diariodigitalmx.com\/index.php\/wp-json\/wp\/v2\/posts"}],"about":[{"href":"https:\/\/diariodigitalmx.com\/index.php\/wp-json\/wp\/v2\/types\/post"}],"author":[{"embeddable":true,"href":"https:\/\/diariodigitalmx.com\/index.php\/wp-json\/wp\/v2\/users\/1"}],"replies":[{"embeddable":true,"href":"https:\/\/diariodigitalmx.com\/index.php\/wp-json\/wp\/v2\/comments?post=71266"}],"version-history":[{"count":1,"href":"https:\/\/diariodigitalmx.com\/index.php\/wp-json\/wp\/v2\/posts\/71266\/revisions"}],"predecessor-version":[{"id":71267,"href":"https:\/\/diariodigitalmx.com\/index.php\/wp-json\/wp\/v2\/posts\/71266\/revisions\/71267"}],"wp:featuredmedia":[{"embeddable":true,"href":"https:\/\/diariodigitalmx.com\/index.php\/wp-json\/wp\/v2\/media\/71268"}],"wp:attachment":[{"href":"https:\/\/diariodigitalmx.com\/index.php\/wp-json\/wp\/v2\/media?parent=71266"}],"wp:term":[{"taxonomy":"category","embeddable":true,"href":"https:\/\/diariodigitalmx.com\/index.php\/wp-json\/wp\/v2\/categories?post=71266"},{"taxonomy":"post_tag","embeddable":true,"href":"https:\/\/diariodigitalmx.com\/index.php\/wp-json\/wp\/v2\/tags?post=71266"}],"curies":[{"name":"wp","href":"https:\/\/api.w.org\/{rel}","templated":true}]}}