{"id":7127,"date":"2019-07-02T18:03:49","date_gmt":"2019-07-02T23:03:49","guid":{"rendered":"http:\/\/diariodigitalmx.com\/?p=7127"},"modified":"2019-07-02T18:03:50","modified_gmt":"2019-07-02T23:03:50","slug":"redadas-contra-migrantes-despues-del-4-de-julio-adelanta-trump","status":"publish","type":"post","link":"https:\/\/diariodigitalmx.com\/index.php\/2019\/07\/02\/redadas-contra-migrantes-despues-del-4-de-julio-adelanta-trump\/","title":{"rendered":"Redadas contra migrantes despu\u00e9s del 4 de julio, adelanta Trump"},"content":{"rendered":"\n<p>El presidente de Estados Unidos, Donald Trump, anunci\u00f3 hoy que las redadas masivas contra inmigrantes con las que amenaz\u00f3 el mes pasado y luego pospuso durante dos semanas empezar\u00e1n despu\u00e9s del 4 de julio.<\/p>\n\n\n\n<p>&#8220;Despu\u00e9s del 4 de julio, mucha gente va a tener que salir&#8221;, dijo Trump en declaraciones a periodistas en el Despacho Oval.<\/p>\n\n\n\n<p>El presidente explic\u00f3 que los agentes del Servicio de Inmigraci\u00f3n y Aduanas (ICE, en ingl\u00e9s) &#8220;los van a detener y llevar de vuelta&#8221; a sus pa\u00edses.<\/p>\n\n\n\n<p>&#8220;Tenemos un gran sistema para eso, y ha sido muy efectivo y ser\u00e1 muy efectivo&#8221;, dijo el presidente.<\/p>\n\n\n\n<p>&#8220;Entonces, la gente que viene puede que est\u00e9 aqu\u00ed por un tiempo corto, pero van a irse, van a regresar a sus pa\u00edses. Se van a casa&#8221;, dijo el presidente.<\/p>\n\n\n\n<p>A mediados de junio, Trump dijo por Twitter que el ICE iniciar\u00eda un proceso para deportar a &#8220;millones&#8221; de indocumentados.<\/p>\n\n\n\n<p>Poco despu\u00e9s, se supo que el ICE planeaba redadas masivas en diez ciudades del pa\u00eds a partir del 23 de junio para aumentar las deportaciones de familias indocumentadas que han recibido \u00f3rdenes de expulsi\u00f3n.<\/p>\n\n\n\n<p>El ICE iba a detener a unas 2.000 familias de indocumentados en las ciudades de Nueva York, Miami (Florida), Houston (Texas), Los \u00c1ngeles y San Francisco (California), Chicago (Illinois), Atlanta (Georgia), Baltimore (Maryland) y Denver (Colorado).<\/p>\n\n\n\n<p>Las noticias sobre las posibles redadas indignaron a grupos de activistas y a la oposici\u00f3n dem\u00f3crata, cuya l\u00edder, Nancy Pelosi, pidi\u00f3 a Trump que suspendiera esas operaciones &#8220;sin coraz\u00f3n&#8221; y que &#8220;inyectar\u00edan el terror&#8221; entre las comunidades migrantes.<\/p>\n\n\n\n<p>Trump decidi\u00f3 entonces suspender durante dos semanas las redadas, tiempo para que dem\u00f3cratas y republicanos pactasen un acuerdo migratorio en el Congreso.<\/p>\n\n\n\n<p>Hasta la fecha, sin embargo, no se ha alcanzado ning\u00fan acuerdo y el Congreso no se re\u00fane esta semana con motivo del 4 de julio, la fiesta nacional en Estados Unidos.<\/p>\n","protected":false},"excerpt":{"rendered":"<p>El presidente de Estados Unidos, Donald Trump, anunci\u00f3 hoy que las redadas masivas contra inmigrantes con las que amenaz\u00f3 el mes pasado y luego pospuso durante dos semanas empezar\u00e1n despu\u00e9s del 4 de julio. &#8220;Despu\u00e9s del 4 de julio, mucha gente va a tener que salir&#8221;, dijo Trump en declaraciones a periodistas en el Despacho [&hellip;]<\/p>\n","protected":false},"author":1,"featured_media":7129,"comment_status":"open","ping_status":"open","sticky":true,"template":"","format":"standard","meta":{"footnotes":""},"categories":[4],"tags":[],"_links":{"self":[{"href":"https:\/\/diariodigitalmx.com\/index.php\/wp-json\/wp\/v2\/posts\/7127"}],"collection":[{"href":"https:\/\/diariodigitalmx.com\/index.php\/wp-json\/wp\/v2\/posts"}],"about":[{"href":"https:\/\/diariodigitalmx.com\/index.php\/wp-json\/wp\/v2\/types\/post"}],"author":[{"embeddable":true,"href":"https:\/\/diariodigitalmx.com\/index.php\/wp-json\/wp\/v2\/users\/1"}],"replies":[{"embeddable":true,"href":"https:\/\/diariodigitalmx.com\/index.php\/wp-json\/wp\/v2\/comments?post=7127"}],"version-history":[{"count":1,"href":"https:\/\/diariodigitalmx.com\/index.php\/wp-json\/wp\/v2\/posts\/7127\/revisions"}],"predecessor-version":[{"id":7128,"href":"https:\/\/diariodigitalmx.com\/index.php\/wp-json\/wp\/v2\/posts\/7127\/revisions\/7128"}],"wp:featuredmedia":[{"embeddable":true,"href":"https:\/\/diariodigitalmx.com\/index.php\/wp-json\/wp\/v2\/media\/7129"}],"wp:attachment":[{"href":"https:\/\/diariodigitalmx.com\/index.php\/wp-json\/wp\/v2\/media?parent=7127"}],"wp:term":[{"taxonomy":"category","embeddable":true,"href":"https:\/\/diariodigitalmx.com\/index.php\/wp-json\/wp\/v2\/categories?post=7127"},{"taxonomy":"post_tag","embeddable":true,"href":"https:\/\/diariodigitalmx.com\/index.php\/wp-json\/wp\/v2\/tags?post=7127"}],"curies":[{"name":"wp","href":"https:\/\/api.w.org\/{rel}","templated":true}]}}