{"id":71272,"date":"2022-02-11T08:43:04","date_gmt":"2022-02-11T14:43:04","guid":{"rendered":"http:\/\/diariodigitalmx.com\/?p=71272"},"modified":"2022-02-11T08:43:54","modified_gmt":"2022-02-11T14:43:54","slug":"pongamos-una-pausa","status":"publish","type":"post","link":"https:\/\/diariodigitalmx.com\/index.php\/2022\/02\/11\/pongamos-una-pausa\/","title":{"rendered":"Pongamos una pausa"},"content":{"rendered":"\n<p>\u00d3scar Tamez Rodr\u00edguez <\/p>\n\n\n\n<p><\/p>\n\n\n\n<p>El mi\u00e9rcoles 9 de febrero, durante la ma\u00f1anera, el jefe del Estado mexicano, el jefe de las instituciones, el presidente del pa\u00eds, el vocero de las ma\u00f1aneras tuvo un lapsus en el cual pide que se ponga una pausa a la relaci\u00f3n binacional entre M\u00e9xico y Espa\u00f1a.<\/p>\n\n\n\n<p>\u201cPongamos una pausa\u201d dijo, lo que quiera que eso signifique. De inmediato se incendia Roma, todo tipo de adjetivos, de disparates, memes e infinidad de reacciones a una declaraci\u00f3n que otrora dejar\u00eda al pa\u00eds en condici\u00f3n de rompimiento diplom\u00e1tico.<\/p>\n\n\n\n<p>En lo personal considero que no fue nada, bueno, debo aclarar porque minimizo el incidente que en otro momento habr\u00eda provocado ca\u00edda en la bolsa, desplome de la econom\u00eda, devaluaciones y tantas crisis m\u00e1s.<\/p>\n\n\n\n<p>El comentario lo dice el vocero ma\u00f1anero, el comentarista noticioso; no lo hizo el jefe del Estado ni siquiera el presidente de la naci\u00f3n, no, aunque sea la misma persona, lo hace el l\u00edder de las ma\u00f1aneras.<\/p>\n\n\n\n<p>Duele reconocer que el problema no lo causa \u00e9l en sus declaraciones, la crisis la generan los medios quienes toman a serios los anuncios trasnochados en las ma\u00f1aneras, el terremoto lo provocan quienes hacen eco de la charada, del comentario manipulador.<\/p>\n\n\n\n<p>El inter\u00e9s no fue romper relaciones internacionales, tampoco provocar una crisis diplom\u00e1tica con Espa\u00f1a, todo fue manipulaci\u00f3n a la fr\u00e1gil, cr\u00e9dula e ingenua opini\u00f3n p\u00fablica que toma con seriedad las baladronadas.<\/p>\n\n\n\n<p>Lo relevante ser\u00eda preguntar \u00bfpor qu\u00e9 el disparate ma\u00f1anero?, \u00bfpor qu\u00e9 atreverse a provocar una crisis diplom\u00e1tica?, \u00bfpor qu\u00e9 planear un sismo de alto impacto, pero milim\u00e9tricamente controlado?, estas son las preguntas que deber\u00edamos hacer los opinadores, no cuestionar lo dicho porque eso es nimiedad, algo anecd\u00f3tico.<\/p>\n\n\n\n<p>Luego de prender el barril de p\u00f3lvora, el mandatario atiende a John Kerry, enviado especial para atender el tema del cambio clim\u00e1tico en M\u00e9xico, \u00bfDesde cu\u00e1ndo a EUA le interesa el clima? De esa reuni\u00f3n poco dicen los medios, las declaraciones posteriores a la entrevista fueron borradas de la opini\u00f3n p\u00fablica. \u00a1Genialidad pura!<\/p>\n\n\n\n<p>La verdadera crisis est\u00e1 en la relaci\u00f3n de M\u00e9xico con los conquistadores del territorio nacional de mitad del siglo XIX; esa es la verdadera problem\u00e1tica de intervencionismo. Pero ah\u00ed no se exigen disculpas.<\/p>\n\n\n\n<p>Al d\u00eda siguiente del incendio, el vocero de las ma\u00f1aneras sale fresco, regodeado, ir\u00f3nico; increpa a la opini\u00f3n p\u00fablica por hacer un esc\u00e1ndalo donde hablan de rompimiento con Espa\u00f1a cuando s\u00f3lo dijo \u201cpongamos una pausa\u201d.&nbsp;<\/p>\n\n\n\n<p>La pausa fue de horas, mientras duraba el efecto del rega\u00f1o norteamericano en la persona de Kerry. \u00a1Pausa poquito pausada!<\/p>\n\n\n\n<p>Mientras opinadores, analistas y medio pa\u00eds se desgarran las vestiduras por \u201cla pausita\u201d, Kerry invade la soberan\u00eda, da indicaciones sobre qu\u00e9 s\u00ed y qu\u00e9 no debe contener la reforma energ\u00e9tica, a cu\u00e1les sectores privados no deben afectar y varias instrucciones m\u00e1s a sus pupilos resguardados tras la puerta mariana de Palacio Nacional.<\/p>\n\n\n\n<p>Eso es lo que el vocero de las ma\u00f1aneras quiso acallar, ocultar, minimizar; todo para que el jefe de Estado no tenga que responder por la intromisi\u00f3n y el derrumbe de los sue\u00f1os en la 4T por estatizar la energ\u00eda el\u00e9ctrica.<\/p>\n\n\n\n<p>\u201cPongamos una pausa\u201d, s\u00ed, pero pong\u00e1mosla nosotros los opinadores, los analistas, los que no terminamos de entender que el actual no es un presidente convencional, no es uno que se conduzca conforme a instituciones y que se preocupe por las consecuencias de sus baladronadas.<\/p>\n\n\n\n<p>La bolsa, Banxico y quienes intervienen en el mundo de la econom\u00eda ya lo entendieron, sino pregunten \u00bfPor qu\u00e9 no hubo sismos econ\u00f3micos ante la pausa solicitada?<\/p>\n","protected":false},"excerpt":{"rendered":"<p>\u00d3scar Tamez Rodr\u00edguez El mi\u00e9rcoles 9 de febrero, durante la ma\u00f1anera, el jefe del Estado mexicano, el jefe de las instituciones, el presidente del pa\u00eds, el vocero de las ma\u00f1aneras tuvo un lapsus en el cual pide que se ponga una pausa a la relaci\u00f3n binacional entre M\u00e9xico y Espa\u00f1a. \u201cPongamos una pausa\u201d dijo, lo [&hellip;]<\/p>\n","protected":false},"author":1,"featured_media":71274,"comment_status":"open","ping_status":"open","sticky":true,"template":"","format":"standard","meta":{"footnotes":""},"categories":[12,5],"tags":[],"_links":{"self":[{"href":"https:\/\/diariodigitalmx.com\/index.php\/wp-json\/wp\/v2\/posts\/71272"}],"collection":[{"href":"https:\/\/diariodigitalmx.com\/index.php\/wp-json\/wp\/v2\/posts"}],"about":[{"href":"https:\/\/diariodigitalmx.com\/index.php\/wp-json\/wp\/v2\/types\/post"}],"author":[{"embeddable":true,"href":"https:\/\/diariodigitalmx.com\/index.php\/wp-json\/wp\/v2\/users\/1"}],"replies":[{"embeddable":true,"href":"https:\/\/diariodigitalmx.com\/index.php\/wp-json\/wp\/v2\/comments?post=71272"}],"version-history":[{"count":1,"href":"https:\/\/diariodigitalmx.com\/index.php\/wp-json\/wp\/v2\/posts\/71272\/revisions"}],"predecessor-version":[{"id":71273,"href":"https:\/\/diariodigitalmx.com\/index.php\/wp-json\/wp\/v2\/posts\/71272\/revisions\/71273"}],"wp:featuredmedia":[{"embeddable":true,"href":"https:\/\/diariodigitalmx.com\/index.php\/wp-json\/wp\/v2\/media\/71274"}],"wp:attachment":[{"href":"https:\/\/diariodigitalmx.com\/index.php\/wp-json\/wp\/v2\/media?parent=71272"}],"wp:term":[{"taxonomy":"category","embeddable":true,"href":"https:\/\/diariodigitalmx.com\/index.php\/wp-json\/wp\/v2\/categories?post=71272"},{"taxonomy":"post_tag","embeddable":true,"href":"https:\/\/diariodigitalmx.com\/index.php\/wp-json\/wp\/v2\/tags?post=71272"}],"curies":[{"name":"wp","href":"https:\/\/api.w.org\/{rel}","templated":true}]}}