{"id":71275,"date":"2022-02-11T08:46:04","date_gmt":"2022-02-11T14:46:04","guid":{"rendered":"http:\/\/diariodigitalmx.com\/?p=71275"},"modified":"2022-02-11T08:46:40","modified_gmt":"2022-02-11T14:46:40","slug":"detienen-trailer-con-132-migrantes-en-el-paso","status":"publish","type":"post","link":"https:\/\/diariodigitalmx.com\/index.php\/2022\/02\/11\/detienen-trailer-con-132-migrantes-en-el-paso\/","title":{"rendered":"Detienen tr\u00e1iler con 132 migrantes  en El Paso"},"content":{"rendered":"\n<p><\/p>\n\n\n\n<p>Por Rogelio Romero<\/p>\n\n\n\n<p>El Paso, Texas.- Agentes de la Patrulla Fronteriza detuvieron un tr\u00e1iler que transportaba ocultos&nbsp; a&nbsp; 132 migrantes en la caja trasera de la unidad de transporte de carga, los hechos ocurrieron en la zona este de El Paso.<\/p>\n\n\n\n<p>La investigaci\u00f3n llev\u00f3 primero a los agentes a un edificio ubicado en la calle Pellicano Drive que era utilizado como lugar para ocultar a personas indocumentadas.<\/p>\n\n\n\n<p>De acuerdo a la informaci\u00f3n varios testigos hab\u00edan reportado a las autoridades migratorias sobre actividades sospechosas en el lugar, la \u00faltima de ellas fue la salida del tracto cami\u00f3n.<\/p>\n\n\n\n<p>Tras detener la unidad motriz y descubrir a los indocumentados, las autoridades migratorias se\u00f1alaron que entre el grupo viajaban dos menores de origen guatemalteco y 130 personas m\u00e1s.<\/p>\n\n\n\n<p>Los migrantes detenidos dijeron ser originarios de&nbsp; M\u00e9xico, Guatemala, Ecuador&nbsp; y Honduras adem\u00e1s de que se les aplic\u00f3 la pol\u00edtica de T\u00edtulo 42, esta medida&nbsp; permite a ciertos grupos de migrantes centroamericanos (familias y ni\u00f1os no acompa\u00f1ados) ser enviados a un centro de detenci\u00f3n, mientras el resto fue deportado hacia M\u00e9xico.<\/p>\n","protected":false},"excerpt":{"rendered":"<p>Por Rogelio Romero El Paso, Texas.- Agentes de la Patrulla Fronteriza detuvieron un tr\u00e1iler que transportaba ocultos&nbsp; a&nbsp; 132 migrantes en la caja trasera de la unidad de transporte de carga, los hechos ocurrieron en la zona este de El Paso. La investigaci\u00f3n llev\u00f3 primero a los agentes a un edificio ubicado en la calle [&hellip;]<\/p>\n","protected":false},"author":1,"featured_media":71277,"comment_status":"open","ping_status":"open","sticky":true,"template":"","format":"standard","meta":{"footnotes":""},"categories":[5,7],"tags":[],"_links":{"self":[{"href":"https:\/\/diariodigitalmx.com\/index.php\/wp-json\/wp\/v2\/posts\/71275"}],"collection":[{"href":"https:\/\/diariodigitalmx.com\/index.php\/wp-json\/wp\/v2\/posts"}],"about":[{"href":"https:\/\/diariodigitalmx.com\/index.php\/wp-json\/wp\/v2\/types\/post"}],"author":[{"embeddable":true,"href":"https:\/\/diariodigitalmx.com\/index.php\/wp-json\/wp\/v2\/users\/1"}],"replies":[{"embeddable":true,"href":"https:\/\/diariodigitalmx.com\/index.php\/wp-json\/wp\/v2\/comments?post=71275"}],"version-history":[{"count":1,"href":"https:\/\/diariodigitalmx.com\/index.php\/wp-json\/wp\/v2\/posts\/71275\/revisions"}],"predecessor-version":[{"id":71276,"href":"https:\/\/diariodigitalmx.com\/index.php\/wp-json\/wp\/v2\/posts\/71275\/revisions\/71276"}],"wp:featuredmedia":[{"embeddable":true,"href":"https:\/\/diariodigitalmx.com\/index.php\/wp-json\/wp\/v2\/media\/71277"}],"wp:attachment":[{"href":"https:\/\/diariodigitalmx.com\/index.php\/wp-json\/wp\/v2\/media?parent=71275"}],"wp:term":[{"taxonomy":"category","embeddable":true,"href":"https:\/\/diariodigitalmx.com\/index.php\/wp-json\/wp\/v2\/categories?post=71275"},{"taxonomy":"post_tag","embeddable":true,"href":"https:\/\/diariodigitalmx.com\/index.php\/wp-json\/wp\/v2\/tags?post=71275"}],"curies":[{"name":"wp","href":"https:\/\/api.w.org\/{rel}","templated":true}]}}