{"id":71278,"date":"2022-02-11T08:49:09","date_gmt":"2022-02-11T14:49:09","guid":{"rendered":"http:\/\/diariodigitalmx.com\/?p=71278"},"modified":"2022-02-11T08:50:05","modified_gmt":"2022-02-11T14:50:05","slug":"ordena-juez-a-fuerza-aerea-pagar-230-mdd-a-victimas-de-masacre-en-texas","status":"publish","type":"post","link":"https:\/\/diariodigitalmx.com\/index.php\/2022\/02\/11\/ordena-juez-a-fuerza-aerea-pagar-230-mdd-a-victimas-de-masacre-en-texas\/","title":{"rendered":"Ordena juez  a Fuerza A\u00e9rea pagar 230 MDD a v\u00edctimas de masacre en Texas"},"content":{"rendered":"\n<p><\/p>\n\n\n\n<p>Por Rogelio Romero<\/p>\n\n\n\n<p>Austin, Texas.- El juez federal Xavier Rodr\u00edguez orden\u00f3 a la Fuerza A\u00e9rea de Estados Unidos, pagar una indemnizaci\u00f3n de 230 millones de d\u00f3lares a los familiares y sobrevivientes de la masacre de Sutherland, perpetrada en 2017, por el entonces miembro de ese cuerpo militar Devin Patrick Kelley.<\/p>\n\n\n\n<p>El juez bas\u00f3 su veredicto en la negligencia de la Fuerza A\u00e9rea en reportar a las autoridades policiales&nbsp; un incidente de violencia dom\u00e9stica ocurrido en 2012, y donde, Kelley caus\u00f3 lesiones f\u00edsicas a su esposa e hijastro, ya que de haberlo hecho hubiera contado como antecedente penal contra Kelly y le habr\u00eda impedido legalmente&nbsp; comprar las armas con las que perpetr\u00f3 la matanza ocurrida en una iglesia bautista.<\/p>\n\n\n\n<p>El hecho criminal cometido por&nbsp; Kelly con armas de fuego dej\u00f3 como saldo 26 personas muertas y 22 heridos, en lo que hasta hoy es catalogada como la peor masacre que ha ocurrido en Texas.<\/p>\n\n\n\n<p>El juez se\u00f1al\u00f3 durante la audiencia judicial que \u201cla Fuerza A\u00e9rea era 60 por ciento responsable de los sucesos y Kelly otro cuarenta&nbsp; por ciento\u201d<\/p>\n\n\n\n<p>Durante m\u00e1s de 4 a\u00f1os las familias de las v\u00edctimas y sobrevivientes han luchado en corte federal a trav\u00e9s de una demanda civil colectiva, esto en busca de reparaci\u00f3n por da\u00f1os morales. f\u00edsicos y mentales lo que parece por fin ocurrir\u00e1.<\/p>\n\n\n\n<p>Los abogados que representan a la Fuerza A\u00e9rea en este caso, tienen 10 d\u00edas h\u00e1biles para apelar la sentencia&nbsp; emitida por el magistrado Xavier Rodr\u00edguez.<br><\/p>\n","protected":false},"excerpt":{"rendered":"<p>Por Rogelio Romero Austin, Texas.- El juez federal Xavier Rodr\u00edguez orden\u00f3 a la Fuerza A\u00e9rea de Estados Unidos, pagar una indemnizaci\u00f3n de 230 millones de d\u00f3lares a los familiares y sobrevivientes de la masacre de Sutherland, perpetrada en 2017, por el entonces miembro de ese cuerpo militar Devin Patrick Kelley. El juez bas\u00f3 su veredicto [&hellip;]<\/p>\n","protected":false},"author":1,"featured_media":71280,"comment_status":"open","ping_status":"open","sticky":true,"template":"","format":"standard","meta":{"footnotes":""},"categories":[14,7],"tags":[],"_links":{"self":[{"href":"https:\/\/diariodigitalmx.com\/index.php\/wp-json\/wp\/v2\/posts\/71278"}],"collection":[{"href":"https:\/\/diariodigitalmx.com\/index.php\/wp-json\/wp\/v2\/posts"}],"about":[{"href":"https:\/\/diariodigitalmx.com\/index.php\/wp-json\/wp\/v2\/types\/post"}],"author":[{"embeddable":true,"href":"https:\/\/diariodigitalmx.com\/index.php\/wp-json\/wp\/v2\/users\/1"}],"replies":[{"embeddable":true,"href":"https:\/\/diariodigitalmx.com\/index.php\/wp-json\/wp\/v2\/comments?post=71278"}],"version-history":[{"count":1,"href":"https:\/\/diariodigitalmx.com\/index.php\/wp-json\/wp\/v2\/posts\/71278\/revisions"}],"predecessor-version":[{"id":71279,"href":"https:\/\/diariodigitalmx.com\/index.php\/wp-json\/wp\/v2\/posts\/71278\/revisions\/71279"}],"wp:featuredmedia":[{"embeddable":true,"href":"https:\/\/diariodigitalmx.com\/index.php\/wp-json\/wp\/v2\/media\/71280"}],"wp:attachment":[{"href":"https:\/\/diariodigitalmx.com\/index.php\/wp-json\/wp\/v2\/media?parent=71278"}],"wp:term":[{"taxonomy":"category","embeddable":true,"href":"https:\/\/diariodigitalmx.com\/index.php\/wp-json\/wp\/v2\/categories?post=71278"},{"taxonomy":"post_tag","embeddable":true,"href":"https:\/\/diariodigitalmx.com\/index.php\/wp-json\/wp\/v2\/tags?post=71278"}],"curies":[{"name":"wp","href":"https:\/\/api.w.org\/{rel}","templated":true}]}}