{"id":71284,"date":"2022-02-11T11:04:13","date_gmt":"2022-02-11T17:04:13","guid":{"rendered":"http:\/\/diariodigitalmx.com\/?p=71284"},"modified":"2022-02-11T11:06:15","modified_gmt":"2022-02-11T17:06:15","slug":"acusan-negligencia-de-sct-en-trabajos-de-carretera-nacional","status":"publish","type":"post","link":"https:\/\/diariodigitalmx.com\/index.php\/2022\/02\/11\/acusan-negligencia-de-sct-en-trabajos-de-carretera-nacional\/","title":{"rendered":"Acusan negligencia de SCT en trabajos de carretera Nacional"},"content":{"rendered":"\n<figure class=\"wp-block-video\"><video controls src=\"http:\/\/diariodigitalmx.com\/wp-content\/uploads\/2022\/02\/VID-20220211-WA0003.mp4\"><\/video><\/figure>\n\n\n\n<p>Monterrey-Porque han dado muestra de su desinter\u00e9s por acabar con la obra de reparaci\u00f3n, lo que ha causado innumerables accidentes y tr\u00e1fico detenido por horas, el Diputado del PAN, Eduardo Leal Buenfil advirti\u00f3 que demandar\u00e1 a la Secretar\u00eda de Comunicaciones y Transportes en caso de no terminar la reparaci\u00f3n de la carretera Nacional en tres semanas.<\/p>\n\n\n\n<p>Leal Buenfil hizo un recorrido por la obra ubicada en la Comunidad Lazarillos del Municipio de Allende y constat\u00f3 la lentitud de los trabajos ya que no se observ\u00f3 ni personal ni maquinaria laborando en el lugar.<\/p>\n\n\n\n<p>Son cerca de 20 kil\u00f3metros a la altura del kil\u00f3metro 231 \u2013 253, en el municipio de Allende, los que se encuentran sin reparar a\u00fan.<\/p>\n\n\n\n<p>\u201cSi no terminan esta reparaci\u00f3n en menos de tres semanas Los demandar\u00e9 por negligencia. Porque por su culpa ha habido tantos accidentes y personas atoradas en el tr\u00e1fico diariamente\u201d, manifest\u00f3 el legislador.<\/p>\n\n\n\n<figure class=\"wp-block-image size-large\"><img loading=\"lazy\" decoding=\"async\" width=\"1024\" height=\"683\" src=\"http:\/\/diariodigitalmx.com\/wp-content\/uploads\/2022\/02\/IMG-20220211-WA0001-1024x683.jpg\" alt=\"\" class=\"wp-image-71290\" srcset=\"https:\/\/diariodigitalmx.com\/wp-content\/uploads\/2022\/02\/IMG-20220211-WA0001-1024x683.jpg 1024w, https:\/\/diariodigitalmx.com\/wp-content\/uploads\/2022\/02\/IMG-20220211-WA0001-300x200.jpg 300w, https:\/\/diariodigitalmx.com\/wp-content\/uploads\/2022\/02\/IMG-20220211-WA0001-768x512.jpg 768w, https:\/\/diariodigitalmx.com\/wp-content\/uploads\/2022\/02\/IMG-20220211-WA0001.jpg 1296w\" sizes=\"(max-width: 1024px) 100vw, 1024px\" \/><\/figure>\n\n\n\n<p>\u201cNunca pudieron terminar la reparaci\u00f3n sobre la carretera Nacional que causa tr\u00e1fico por su p\u00e9sima planeaci\u00f3n&nbsp; y muchos accidentes porque no tiene ni se\u00f1alizaci\u00f3n. Ya basta de obras tan lentas y sin estrategia, cierran m\u00e1s de una decena de kil\u00f3metros por cada lado y no hay avances nunca hay personal trabajando ni maquinarias en funcionamiento\u201d, denunci\u00f3.&nbsp;&nbsp;<\/p>\n\n\n\n<p>Eduardo Leal asegur\u00f3 que los ciudadanos que transitan por el lugar ya est\u00e1n desesperados.<\/p>\n\n\n\n<p>\u201cYa fui a ped\u00edrselos por las buenas&nbsp; ya me reun\u00ed con ustedes para exponerles el problema y nada mas no avanzan nada, ya colmaron la paciencia de los automovilistas que transitan por la Nacional\u201d, resalt\u00f3.<\/p>\n\n\n\n<p>Cabe recordar que, los primeros d\u00edas de Noviembre del a\u00f1o pasado, el legislador local se reuni\u00f3 con la directora del Centro de la Secretar\u00eda de Comunicaciones y Transportes en la entidad, Blanca Estela Aburto Garc\u00eda, quien se comprometi\u00f3 a terminar los trabajos entre cuatro y seis semanas.<\/p>\n","protected":false},"excerpt":{"rendered":"<p>Monterrey-Porque han dado muestra de su desinter\u00e9s por acabar con la obra de reparaci\u00f3n, lo que ha causado innumerables accidentes y tr\u00e1fico detenido por horas, el Diputado del PAN, Eduardo Leal Buenfil advirti\u00f3 que demandar\u00e1 a la Secretar\u00eda de Comunicaciones y Transportes en caso de no terminar la reparaci\u00f3n de la carretera Nacional en tres [&hellip;]<\/p>\n","protected":false},"author":1,"featured_media":71286,"comment_status":"open","ping_status":"open","sticky":true,"template":"","format":"standard","meta":{"footnotes":""},"categories":[6,3],"tags":[],"_links":{"self":[{"href":"https:\/\/diariodigitalmx.com\/index.php\/wp-json\/wp\/v2\/posts\/71284"}],"collection":[{"href":"https:\/\/diariodigitalmx.com\/index.php\/wp-json\/wp\/v2\/posts"}],"about":[{"href":"https:\/\/diariodigitalmx.com\/index.php\/wp-json\/wp\/v2\/types\/post"}],"author":[{"embeddable":true,"href":"https:\/\/diariodigitalmx.com\/index.php\/wp-json\/wp\/v2\/users\/1"}],"replies":[{"embeddable":true,"href":"https:\/\/diariodigitalmx.com\/index.php\/wp-json\/wp\/v2\/comments?post=71284"}],"version-history":[{"count":4,"href":"https:\/\/diariodigitalmx.com\/index.php\/wp-json\/wp\/v2\/posts\/71284\/revisions"}],"predecessor-version":[{"id":71291,"href":"https:\/\/diariodigitalmx.com\/index.php\/wp-json\/wp\/v2\/posts\/71284\/revisions\/71291"}],"wp:featuredmedia":[{"embeddable":true,"href":"https:\/\/diariodigitalmx.com\/index.php\/wp-json\/wp\/v2\/media\/71286"}],"wp:attachment":[{"href":"https:\/\/diariodigitalmx.com\/index.php\/wp-json\/wp\/v2\/media?parent=71284"}],"wp:term":[{"taxonomy":"category","embeddable":true,"href":"https:\/\/diariodigitalmx.com\/index.php\/wp-json\/wp\/v2\/categories?post=71284"},{"taxonomy":"post_tag","embeddable":true,"href":"https:\/\/diariodigitalmx.com\/index.php\/wp-json\/wp\/v2\/tags?post=71284"}],"curies":[{"name":"wp","href":"https:\/\/api.w.org\/{rel}","templated":true}]}}