{"id":71345,"date":"2022-02-13T00:06:19","date_gmt":"2022-02-13T06:06:19","guid":{"rendered":"http:\/\/diariodigitalmx.com\/?p=71345"},"modified":"2022-02-13T00:07:01","modified_gmt":"2022-02-13T06:07:01","slug":"se-les-acabo-el-amor-truena-belinda-y-nodal","status":"publish","type":"post","link":"https:\/\/diariodigitalmx.com\/index.php\/2022\/02\/13\/se-les-acabo-el-amor-truena-belinda-y-nodal\/","title":{"rendered":"Se les acab\u00f3 el amor; truenan Belinda y Nodal"},"content":{"rendered":"\n<p>Belinda y Christian Nodal terminan su relaci\u00f3n.&nbsp;<\/p>\n\n\n\n<p>Los rumores se hicieron realidad luego de que ambos dejaron de seguirse en sus redes sociales.&nbsp;<\/p>\n\n\n\n<p>Fue el propio Nodal quien hizo el anuncio.&nbsp;<\/p>\n\n\n\n<p>&#8220;A todos mis fans y amigos de la prensa quiero compartirles que hemos decidido (Belinda y Nodal) darle fin a nuestro compromiso y nuestra relaci\u00f3n de pareja, llev\u00e1ndonos cada uno lo mejor del otro.<\/p>\n\n\n\n<p>&#8220;Con mucho agradecimiento por habernos acompa\u00f1ado en este tiempo. Pido respeto por la decisi\u00f3n que hemos tomado, en donde cada uno vivir\u00e1 su proceso de separaci\u00f3n a su manera y siempre dese\u00e1ndole lo mejor uno al otro por los tiempo felices vividos y los de prueba tambi\u00e9n&#8221;, escribi\u00f3.&nbsp;<\/p>\n\n\n\n<p>&#8220;A los medios de comunicaci\u00f3n con mucho respeto, les comunico que no hablar\u00e9 m\u00e1s del tema. Les env\u00edo mucho amor&#8221;.&nbsp;<\/p>\n\n\n\n<p>Cuando participaban como coaches en el reality show La Voz iniciaron su romance en agosto del 2020. Luego en mayo del 2021 en redes sociales hicieron oficial la relaci\u00f3n y Nodal le regal\u00f3 a Belinda un anillo de Angel City Jewelers, con valor de 3 millones de d\u00f3lares.<\/p>\n","protected":false},"excerpt":{"rendered":"<p>Belinda y Christian Nodal terminan su relaci\u00f3n.&nbsp; Los rumores se hicieron realidad luego de que ambos dejaron de seguirse en sus redes sociales.&nbsp; Fue el propio Nodal quien hizo el anuncio.&nbsp; &#8220;A todos mis fans y amigos de la prensa quiero compartirles que hemos decidido (Belinda y Nodal) darle fin a nuestro compromiso y nuestra [&hellip;]<\/p>\n","protected":false},"author":1,"featured_media":71347,"comment_status":"open","ping_status":"open","sticky":true,"template":"","format":"standard","meta":{"footnotes":""},"categories":[9,3],"tags":[],"_links":{"self":[{"href":"https:\/\/diariodigitalmx.com\/index.php\/wp-json\/wp\/v2\/posts\/71345"}],"collection":[{"href":"https:\/\/diariodigitalmx.com\/index.php\/wp-json\/wp\/v2\/posts"}],"about":[{"href":"https:\/\/diariodigitalmx.com\/index.php\/wp-json\/wp\/v2\/types\/post"}],"author":[{"embeddable":true,"href":"https:\/\/diariodigitalmx.com\/index.php\/wp-json\/wp\/v2\/users\/1"}],"replies":[{"embeddable":true,"href":"https:\/\/diariodigitalmx.com\/index.php\/wp-json\/wp\/v2\/comments?post=71345"}],"version-history":[{"count":2,"href":"https:\/\/diariodigitalmx.com\/index.php\/wp-json\/wp\/v2\/posts\/71345\/revisions"}],"predecessor-version":[{"id":71348,"href":"https:\/\/diariodigitalmx.com\/index.php\/wp-json\/wp\/v2\/posts\/71345\/revisions\/71348"}],"wp:featuredmedia":[{"embeddable":true,"href":"https:\/\/diariodigitalmx.com\/index.php\/wp-json\/wp\/v2\/media\/71347"}],"wp:attachment":[{"href":"https:\/\/diariodigitalmx.com\/index.php\/wp-json\/wp\/v2\/media?parent=71345"}],"wp:term":[{"taxonomy":"category","embeddable":true,"href":"https:\/\/diariodigitalmx.com\/index.php\/wp-json\/wp\/v2\/categories?post=71345"},{"taxonomy":"post_tag","embeddable":true,"href":"https:\/\/diariodigitalmx.com\/index.php\/wp-json\/wp\/v2\/tags?post=71345"}],"curies":[{"name":"wp","href":"https:\/\/api.w.org\/{rel}","templated":true}]}}