{"id":71350,"date":"2022-02-13T14:25:31","date_gmt":"2022-02-13T20:25:31","guid":{"rendered":"http:\/\/diariodigitalmx.com\/?p=71350"},"modified":"2022-02-13T14:39:34","modified_gmt":"2022-02-13T20:39:34","slug":"convoca-pri-de-nl-a-foro-sobre-reforma-electrica-rechazan-volver-al-pasado","status":"publish","type":"post","link":"https:\/\/diariodigitalmx.com\/index.php\/2022\/02\/13\/convoca-pri-de-nl-a-foro-sobre-reforma-electrica-rechazan-volver-al-pasado\/","title":{"rendered":"Convoca PRI de NL a foro sobre reforma el\u00e9ctrica; rechazan volver al pasado"},"content":{"rendered":"\n<p>Walter Elizondo <\/p>\n\n\n\n<p>Monterrey &#8211;&nbsp; Nuevo Le\u00f3n depende de la energ\u00eda limpia, que genere competitividad y productividad, por lo que rechazamos la visi\u00f3n retr\u00f3grada de la d\u00e9cada de los a\u00f1os ochenta, establecieron diputados federales del PRI.&nbsp;<\/p>\n\n\n\n<p>Ante el riesgo que representa para la planta productiva industrial la operaci\u00f3n de energ\u00edas f\u00f3siles de Pemex y la CFE, el PRI de Nuevo Le\u00f3n convoc\u00f3 a un foro para analizar la reforma el\u00e9ctrica y escuchar las voces a favor y en contra.\u00a0<\/p>\n\n\n\n<p>Jos\u00e9 Luis Garza Ochoa, diputado federal y l\u00edder estatal anunci\u00f3 junto a legisladores el&nbsp; Parlamento Abierto&nbsp; el 16 de febrero con la presencia de 40 ponentes del Cluster Energ\u00e9tico, la Caintra, universidades, el sector agropecuario, organizaciones de la sociedad civil y constitucionalidad entre otros.<\/p>\n\n\n\n<figure class=\"wp-block-image size-large\"><img loading=\"lazy\" decoding=\"async\" width=\"1024\" height=\"805\" src=\"http:\/\/diariodigitalmx.com\/wp-content\/uploads\/2022\/02\/FB_IMG_1644784610991-1024x805.jpg\" alt=\"\" class=\"wp-image-71354\" srcset=\"https:\/\/diariodigitalmx.com\/wp-content\/uploads\/2022\/02\/FB_IMG_1644784610991-1024x805.jpg 1024w, https:\/\/diariodigitalmx.com\/wp-content\/uploads\/2022\/02\/FB_IMG_1644784610991-300x236.jpg 300w, https:\/\/diariodigitalmx.com\/wp-content\/uploads\/2022\/02\/FB_IMG_1644784610991-768x604.jpg 768w, https:\/\/diariodigitalmx.com\/wp-content\/uploads\/2022\/02\/FB_IMG_1644784610991.jpg 1080w\" sizes=\"(max-width: 1024px) 100vw, 1024px\" \/><\/figure>\n\n\n\n<p>&#8220;No haremos nada que atente contra la salud de los mexicanos, tal y como est\u00e1 ahora la propuesta de la contrarreforma, no iremos&#8221;, reiter\u00f3 Garza Ochoa<\/p>\n\n\n\n<p>Record\u00f3 que el PRI no est\u00e1 a favor de la reforma en lo relativo medio ambiente y competitividad de las empresas, por eso escuchar\u00e1n todas las voces antes de definir una postura.<\/p>\n\n\n\n<p>&#8220;En Nuevo Le\u00f3n dependemos directamente de la energ\u00eda barata y limpia, no queremos esa visi\u00f3n retr\u00f3grada de los 80 donde en ese espejo retrovisor ve\u00edamos energ\u00eda sucia. Queremos energ\u00eda barata y limpia, que genere competitividad y productividad. Que regrese m\u00e1s la inversi\u00f3n extranjera y nacional&#8221;, dijo a su vez la diputada Marcela Guerra.<\/p>\n\n\n\n<figure class=\"wp-block-image size-large\"><img loading=\"lazy\" decoding=\"async\" width=\"1024\" height=\"768\" src=\"http:\/\/diariodigitalmx.com\/wp-content\/uploads\/2022\/02\/IMG_20220213_101302-1024x768.jpg\" alt=\"\" class=\"wp-image-71352\" srcset=\"https:\/\/diariodigitalmx.com\/wp-content\/uploads\/2022\/02\/IMG_20220213_101302-1024x768.jpg 1024w, https:\/\/diariodigitalmx.com\/wp-content\/uploads\/2022\/02\/IMG_20220213_101302-300x225.jpg 300w, https:\/\/diariodigitalmx.com\/wp-content\/uploads\/2022\/02\/IMG_20220213_101302-768x576.jpg 768w, https:\/\/diariodigitalmx.com\/wp-content\/uploads\/2022\/02\/IMG_20220213_101302-1536x1152.jpg 1536w, https:\/\/diariodigitalmx.com\/wp-content\/uploads\/2022\/02\/IMG_20220213_101302-2048x1536.jpg 2048w\" sizes=\"(max-width: 1024px) 100vw, 1024px\" \/><\/figure>\n\n\n\n<p>La legisladora censur\u00f3 la quema de combustibles f\u00f3siles que no pueden vender al exterior. Queremos una empresa CFE moderna, sin apagones, sin monopolios, de retroceso y con altos costos&#8221;, a\u00f1adi\u00f3 Guerra Castillo.&nbsp;<\/p>\n\n\n\n<p>Por su parte la diputada Karina Barr\u00f3n extern\u00f3 la preocupaci\u00f3n de los empresarios e inversionistas que necesitan un foro que les escuchen, de ah\u00ed el Parlamento Abierto.&nbsp;<\/p>\n\n\n\n<p>El coordinador de la bancada Federal, Andr\u00e9s Cant\u00fa y el diputado Juan Espinoza coincidieron tambi\u00e9n en que es necesario este foro porque no quieren llegar a una votaci\u00f3n sin saber que discuten.&nbsp;<\/p>\n","protected":false},"excerpt":{"rendered":"<p>Walter Elizondo Monterrey &#8211;&nbsp; Nuevo Le\u00f3n depende de la energ\u00eda limpia, que genere competitividad y productividad, por lo que rechazamos la visi\u00f3n retr\u00f3grada de la d\u00e9cada de los a\u00f1os ochenta, establecieron diputados federales del PRI.&nbsp; Ante el riesgo que representa para la planta productiva industrial la operaci\u00f3n de energ\u00edas f\u00f3siles de Pemex y la CFE, [&hellip;]<\/p>\n","protected":false},"author":1,"featured_media":71353,"comment_status":"open","ping_status":"open","sticky":true,"template":"","format":"standard","meta":{"footnotes":""},"categories":[6,3],"tags":[],"_links":{"self":[{"href":"https:\/\/diariodigitalmx.com\/index.php\/wp-json\/wp\/v2\/posts\/71350"}],"collection":[{"href":"https:\/\/diariodigitalmx.com\/index.php\/wp-json\/wp\/v2\/posts"}],"about":[{"href":"https:\/\/diariodigitalmx.com\/index.php\/wp-json\/wp\/v2\/types\/post"}],"author":[{"embeddable":true,"href":"https:\/\/diariodigitalmx.com\/index.php\/wp-json\/wp\/v2\/users\/1"}],"replies":[{"embeddable":true,"href":"https:\/\/diariodigitalmx.com\/index.php\/wp-json\/wp\/v2\/comments?post=71350"}],"version-history":[{"count":4,"href":"https:\/\/diariodigitalmx.com\/index.php\/wp-json\/wp\/v2\/posts\/71350\/revisions"}],"predecessor-version":[{"id":71357,"href":"https:\/\/diariodigitalmx.com\/index.php\/wp-json\/wp\/v2\/posts\/71350\/revisions\/71357"}],"wp:featuredmedia":[{"embeddable":true,"href":"https:\/\/diariodigitalmx.com\/index.php\/wp-json\/wp\/v2\/media\/71353"}],"wp:attachment":[{"href":"https:\/\/diariodigitalmx.com\/index.php\/wp-json\/wp\/v2\/media?parent=71350"}],"wp:term":[{"taxonomy":"category","embeddable":true,"href":"https:\/\/diariodigitalmx.com\/index.php\/wp-json\/wp\/v2\/categories?post=71350"},{"taxonomy":"post_tag","embeddable":true,"href":"https:\/\/diariodigitalmx.com\/index.php\/wp-json\/wp\/v2\/tags?post=71350"}],"curies":[{"name":"wp","href":"https:\/\/api.w.org\/{rel}","templated":true}]}}