{"id":71369,"date":"2022-02-13T19:12:54","date_gmt":"2022-02-14T01:12:54","guid":{"rendered":"http:\/\/diariodigitalmx.com\/?p=71369"},"modified":"2022-02-13T19:13:34","modified_gmt":"2022-02-14T01:13:34","slug":"regreso-a-clases-presenciales-obligatorio","status":"publish","type":"post","link":"https:\/\/diariodigitalmx.com\/index.php\/2022\/02\/13\/regreso-a-clases-presenciales-obligatorio\/","title":{"rendered":"Regreso a clases presenciales obligatorio"},"content":{"rendered":"\n<p>Luz Mar\u00eda Ortiz Quintos&nbsp;<\/p>\n\n\n\n<p>Pero no pasa nada si los padres de familia deciden no llevar a sus hijos, declar\u00f3 el Gobernador.<\/p>\n\n\n\n<p>A dos a\u00f1os de la pandemia, las escuelas est\u00e1n sin uso.&nbsp;<\/p>\n\n\n\n<p>Era necesario asegurar que las m\u00e1s de 5,000 escuelas p\u00fablicas est\u00e9n en las condiciones necesarias para recibir a los alumnos y maestros.<\/p>\n\n\n\n<p>Es la Secretaria de Educaci\u00f3n quien recibe un presupuesto anual de 200 millones de pesos por ciclo escolar, y recordemos los 350 millones del a\u00f1o anterior que nunca supimos en qu\u00e9 se usaron, si las escuelas estaban cerradas.<\/p>\n\n\n\n<p>Para este regreso a clases presenciales existen muchas inquietudes a\u00fan entre los padres de familia, que no han respondido algunas escuelas.<\/p>\n\n\n\n<p>1-\u00bfLas escuelas recibir\u00e1n a todos los alumnos?<\/p>\n\n\n\n<p>2-\u00bfHabr\u00e1 clases a\u00fan con el frente fr\u00edo que se espera en NL?<\/p>\n\n\n\n<p>3- \u00bfHabr\u00e1 suficientes maestros?, por pandemia se desocup\u00f3 mucho personal.<\/p>\n\n\n\n<p>4- \u00bfLas entradas y salidas ser\u00e1n las mismas para&nbsp; todos los alumnos?<\/p>\n\n\n\n<p>5- \u00bfQu\u00e9 pasa si no est\u00e1n vacunados, se les discriminar\u00e1 o exigir\u00e1 la vacuna?<\/p>\n\n\n\n<p>6- \u00bfLas clases se tomar\u00e1n en \u00e1reas abiertas o cerradas?<\/p>\n\n\n\n<p>7- \u00bfSe asegura el suministro de agua potable?<\/p>\n\n\n\n<p>8- \u00bfPueden las escuelas p\u00fablicas o privadas estar exigiendo pruebas de COVID obligatorias por semana o cada determinado tiempo a los padres de familia y que sean ellos quienes las paguen?<\/p>\n\n\n\n<p>9- \u00bfEs obligatorio para las familias dotar de gel antibacterial, cubrebocas, y toallas desinfectantes a las escuelas?<\/p>\n\n\n\n<p>10- \u00bfSe mantendr\u00e1 la sana distancia?<\/p>\n\n\n\n<p>He sido promotora de que las escuelas est\u00e9n abiertas, pero que para ello primero se deber\u00eda presentar el programa de trabajo de reparaci\u00f3n, mantenimiento y sanitizaci\u00f3n de las m\u00e1s de 5,000 escuelas p\u00fablicas en Nuevo Le\u00f3n.&nbsp;<\/p>\n\n\n\n<p>A pesar de ser el d\u00eda que se celebra el amor y la amistad, \u00bfalguien estar\u00e1 pensando en eso?<\/p>\n\n\n\n<p>Cuando no podemos saludar de abrazo, de beso, o de mano.&nbsp;<\/p>\n\n\n\n<p>Cuando no debemos tener contacto f\u00edsico con las personas.&nbsp;<\/p>\n\n\n\n<p>Cuando hay tantas familias en situaci\u00f3n econ\u00f3mica muy dif\u00edcil por desempleo, enfermedades o muerte del proveedor de la familia.<\/p>\n\n\n\n<p>Espero que sea un ambiente de alegr\u00eda, sin embargo existen muchas dudas y temores por este regreso a clases.<\/p>\n\n\n\n<p>Deseo de todo coraz\u00f3n que los estudiantes y maestros tengan un regreso a clases lleno de entusiasmo, solo espero que el gobierno est\u00e9 a la altura de este reto.<\/p>\n\n\n\n<p>*La autora es presidenta del Instituto Nacional de Consultor\u00eda Familiar&nbsp;<\/p>\n","protected":false},"excerpt":{"rendered":"<p>Luz Mar\u00eda Ortiz Quintos&nbsp; Pero no pasa nada si los padres de familia deciden no llevar a sus hijos, declar\u00f3 el Gobernador. A dos a\u00f1os de la pandemia, las escuelas est\u00e1n sin uso.&nbsp; Era necesario asegurar que las m\u00e1s de 5,000 escuelas p\u00fablicas est\u00e9n en las condiciones necesarias para recibir a los alumnos y maestros. [&hellip;]<\/p>\n","protected":false},"author":1,"featured_media":71371,"comment_status":"open","ping_status":"open","sticky":true,"template":"","format":"standard","meta":{"footnotes":""},"categories":[12,3],"tags":[],"_links":{"self":[{"href":"https:\/\/diariodigitalmx.com\/index.php\/wp-json\/wp\/v2\/posts\/71369"}],"collection":[{"href":"https:\/\/diariodigitalmx.com\/index.php\/wp-json\/wp\/v2\/posts"}],"about":[{"href":"https:\/\/diariodigitalmx.com\/index.php\/wp-json\/wp\/v2\/types\/post"}],"author":[{"embeddable":true,"href":"https:\/\/diariodigitalmx.com\/index.php\/wp-json\/wp\/v2\/users\/1"}],"replies":[{"embeddable":true,"href":"https:\/\/diariodigitalmx.com\/index.php\/wp-json\/wp\/v2\/comments?post=71369"}],"version-history":[{"count":2,"href":"https:\/\/diariodigitalmx.com\/index.php\/wp-json\/wp\/v2\/posts\/71369\/revisions"}],"predecessor-version":[{"id":71372,"href":"https:\/\/diariodigitalmx.com\/index.php\/wp-json\/wp\/v2\/posts\/71369\/revisions\/71372"}],"wp:featuredmedia":[{"embeddable":true,"href":"https:\/\/diariodigitalmx.com\/index.php\/wp-json\/wp\/v2\/media\/71371"}],"wp:attachment":[{"href":"https:\/\/diariodigitalmx.com\/index.php\/wp-json\/wp\/v2\/media?parent=71369"}],"wp:term":[{"taxonomy":"category","embeddable":true,"href":"https:\/\/diariodigitalmx.com\/index.php\/wp-json\/wp\/v2\/categories?post=71369"},{"taxonomy":"post_tag","embeddable":true,"href":"https:\/\/diariodigitalmx.com\/index.php\/wp-json\/wp\/v2\/tags?post=71369"}],"curies":[{"name":"wp","href":"https:\/\/api.w.org\/{rel}","templated":true}]}}