{"id":71378,"date":"2022-02-14T00:24:23","date_gmt":"2022-02-14T06:24:23","guid":{"rendered":"http:\/\/diariodigitalmx.com\/?p=71378"},"modified":"2022-02-14T01:21:15","modified_gmt":"2022-02-14T07:21:15","slug":"los-abogados-tambien-comen","status":"publish","type":"post","link":"https:\/\/diariodigitalmx.com\/index.php\/2022\/02\/14\/los-abogados-tambien-comen\/","title":{"rendered":"Los abogados tambi\u00e9n comen"},"content":{"rendered":"\n<p>Por Salvador Hern\u00e1ndez <strong><em>LANDEROS<\/em><\/strong><\/p>\n\n\n\n<p>Tal vez el jovenazo Samuel Garc\u00eda nunca pas\u00f3 hambre alguna y, si alguna vez litig\u00f3 como abogado<strong><em>, no debe haber padecido penurias en los juzgados<\/em><\/strong>.<\/p>\n\n\n\n<p>De haber sido as\u00ed, <strong><em>comprender\u00eda y entender\u00eda el por qu\u00e9 ya hay brotes de inconformidad en algunas barras y colegios de abogados litigantes<\/em><\/strong>.<\/p>\n\n\n\n<p><strong><em>No tardan en manifestarse p\u00fablicamente a trav\u00e9s de barras y colegios para exigirle que ponga a trabajar a la burocracia del Poder Judicial del Estado<\/em><\/strong>.<\/p>\n\n\n\n<p>Su urgencia de vender la imagen a trav\u00e9s de los miles de padres de familia, <strong><em>tambi\u00e9n debe proyectarla a quienes obtienen su salario buscando justicia<\/em><\/strong>.<\/p>\n\n\n\n<p>Tal vez le sugieran que ya no use a los ni\u00f1os para su beneficio publicitario. <strong><em>Que deje su campa\u00f1a \u201cpedi\u00e1trica\u201d, contraria a la \u201cgeri\u00e1trica\u201d, usada por AMLO.<\/em><\/strong><\/p>\n\n\n\n<p><strong><em>Dicen que la vacunaci\u00f3n fronteriza para ni\u00f1os fue para que \u00e9l y su esposa fueran a vacunarse a los Estados Unidos. O porqu\u00e9, no se vacunaron aqu\u00ed.<\/em><\/strong><\/p>\n\n\n\n<p>Que deje en paz, el caso del ni\u00f1o que fue sustra\u00eddo ilegalmente del DIF y <strong><em>no explotar m\u00e1s publicitariamente en medios el caso del menor golpeado.&nbsp;<\/em><\/strong><\/p>\n\n\n\n<p><strong><em>Si los aforos subir\u00e1n un 60 por ciento en los espect\u00e1culos masivos, como el futbol, conciertos y otras diversiones, por qu\u00e9 no subirlos en los juzgados.<\/em><\/strong><\/p>\n\n\n\n<p>As\u00ed como la ense\u00f1anza p\u00fablica en todos los niveles, no s\u00f3lo en la primaria y secundaria<strong><em>, es necesario dar acceso a las salas ante los magistrados y jueces<\/em><\/strong>.<\/p>\n\n\n\n<p>Que el piso sea parejo. <strong><em>Que todo el poder judicial del Estado de Nuevo Le\u00f3n se abra tambi\u00e9n para los litigantes y no s\u00f3lo a los prominentes despachos.<\/em><\/strong><\/p>\n\n\n\n<p><a href=\"mailto:chavalolanderos@yahoo.com.mx\"><strong><em>chavalolanderos@yahoo.com.mx<\/em><\/strong><\/a><\/p>\n","protected":false},"excerpt":{"rendered":"<p>Por Salvador Hern\u00e1ndez LANDEROS Tal vez el jovenazo Samuel Garc\u00eda nunca pas\u00f3 hambre alguna y, si alguna vez litig\u00f3 como abogado, no debe haber padecido penurias en los juzgados. De haber sido as\u00ed, comprender\u00eda y entender\u00eda el por qu\u00e9 ya hay brotes de inconformidad en algunas barras y colegios de abogados litigantes. No tardan en [&hellip;]<\/p>\n","protected":false},"author":1,"featured_media":71380,"comment_status":"open","ping_status":"open","sticky":true,"template":"","format":"standard","meta":{"footnotes":""},"categories":[12,5],"tags":[],"_links":{"self":[{"href":"https:\/\/diariodigitalmx.com\/index.php\/wp-json\/wp\/v2\/posts\/71378"}],"collection":[{"href":"https:\/\/diariodigitalmx.com\/index.php\/wp-json\/wp\/v2\/posts"}],"about":[{"href":"https:\/\/diariodigitalmx.com\/index.php\/wp-json\/wp\/v2\/types\/post"}],"author":[{"embeddable":true,"href":"https:\/\/diariodigitalmx.com\/index.php\/wp-json\/wp\/v2\/users\/1"}],"replies":[{"embeddable":true,"href":"https:\/\/diariodigitalmx.com\/index.php\/wp-json\/wp\/v2\/comments?post=71378"}],"version-history":[{"count":1,"href":"https:\/\/diariodigitalmx.com\/index.php\/wp-json\/wp\/v2\/posts\/71378\/revisions"}],"predecessor-version":[{"id":71379,"href":"https:\/\/diariodigitalmx.com\/index.php\/wp-json\/wp\/v2\/posts\/71378\/revisions\/71379"}],"wp:featuredmedia":[{"embeddable":true,"href":"https:\/\/diariodigitalmx.com\/index.php\/wp-json\/wp\/v2\/media\/71380"}],"wp:attachment":[{"href":"https:\/\/diariodigitalmx.com\/index.php\/wp-json\/wp\/v2\/media?parent=71378"}],"wp:term":[{"taxonomy":"category","embeddable":true,"href":"https:\/\/diariodigitalmx.com\/index.php\/wp-json\/wp\/v2\/categories?post=71378"},{"taxonomy":"post_tag","embeddable":true,"href":"https:\/\/diariodigitalmx.com\/index.php\/wp-json\/wp\/v2\/tags?post=71378"}],"curies":[{"name":"wp","href":"https:\/\/api.w.org\/{rel}","templated":true}]}}