{"id":71409,"date":"2022-02-14T16:03:49","date_gmt":"2022-02-14T22:03:49","guid":{"rendered":"http:\/\/diariodigitalmx.com\/?p=71409"},"modified":"2022-02-14T16:06:17","modified_gmt":"2022-02-14T22:06:17","slug":"en-el-regreso-a-las-aulas-anuncian-escuelas-de-tiempo-completo-en-nl","status":"publish","type":"post","link":"https:\/\/diariodigitalmx.com\/index.php\/2022\/02\/14\/en-el-regreso-a-las-aulas-anuncian-escuelas-de-tiempo-completo-en-nl\/","title":{"rendered":"En el regreso a las aulas anuncian escuelas de tiempo completo en NL"},"content":{"rendered":"\n<p>Walter Elizondo&nbsp;<\/p>\n\n\n\n<p>Monterrey &#8211; Nuevo Le\u00f3n va por las escuelas de tiempo completo y si no hay apoyo federal, el Estado se har\u00e1 cargo, anunci\u00f3 el gobernador Samuel Garc\u00eda.&nbsp;<\/p>\n\n\n\n<p>Record\u00f3 que con el pretexto de la pandemia la Federaci\u00f3n dej\u00f3 de apoyar ese esquema de escuelas de tiempo completo que en Nuevo Le\u00f3n eran 840.<\/p>\n\n\n\n<p>En este sentido, existe el inter\u00e9s de que las clases sean de seis o hasta de ocho horas diarias.<\/p>\n\n\n\n<figure class=\"wp-block-image size-large\"><img loading=\"lazy\" decoding=\"async\" width=\"1024\" height=\"683\" src=\"http:\/\/diariodigitalmx.com\/wp-content\/uploads\/2022\/02\/FB_IMG_1644875770490-1024x683.jpg\" alt=\"\" class=\"wp-image-71411\" srcset=\"https:\/\/diariodigitalmx.com\/wp-content\/uploads\/2022\/02\/FB_IMG_1644875770490-1024x683.jpg 1024w, https:\/\/diariodigitalmx.com\/wp-content\/uploads\/2022\/02\/FB_IMG_1644875770490-300x200.jpg 300w, https:\/\/diariodigitalmx.com\/wp-content\/uploads\/2022\/02\/FB_IMG_1644875770490-768x512.jpg 768w, https:\/\/diariodigitalmx.com\/wp-content\/uploads\/2022\/02\/FB_IMG_1644875770490.jpg 1080w\" sizes=\"(max-width: 1024px) 100vw, 1024px\" \/><\/figure>\n\n\n\n<p>&#8220;Que nuestros ni\u00f1os vayan solamente cuatro horas, no alcanzan a hacer nada. Nosotros tenemos la firme ambici\u00f3n de ir por m\u00ednimo seis y de ser posible, ocho&#8221;, adelant\u00f3.&nbsp;<\/p>\n\n\n\n<p>De esta manera, se presupuestar\u00e1 el costo y si la Federaci\u00f3n &#8220;nos deja morir ese programa&#8221;, habr\u00e1 de hacerse y reactivarse aqu\u00ed.<\/p>\n\n\n\n<figure class=\"wp-block-image size-large\"><img loading=\"lazy\" decoding=\"async\" width=\"1024\" height=\"683\" src=\"http:\/\/diariodigitalmx.com\/wp-content\/uploads\/2022\/02\/FB_IMG_1644875777740-1024x683.jpg\" alt=\"\" class=\"wp-image-71416\" srcset=\"https:\/\/diariodigitalmx.com\/wp-content\/uploads\/2022\/02\/FB_IMG_1644875777740-1024x683.jpg 1024w, https:\/\/diariodigitalmx.com\/wp-content\/uploads\/2022\/02\/FB_IMG_1644875777740-300x200.jpg 300w, https:\/\/diariodigitalmx.com\/wp-content\/uploads\/2022\/02\/FB_IMG_1644875777740-768x512.jpg 768w, https:\/\/diariodigitalmx.com\/wp-content\/uploads\/2022\/02\/FB_IMG_1644875777740.jpg 1080w\" sizes=\"(max-width: 1024px) 100vw, 1024px\" \/><\/figure>\n\n\n\n<p>Si no hay apoyo federal el Estado asumir\u00e1 el gasto y lo incluir\u00e1, pero hasta el presupuesto del siguiente a\u00f1o.<\/p>\n\n\n\n<p>En el inicio de clases presenciales, el Gobernador de Nuevo Le\u00f3n estuvo en la Secundaria n\u00famero 24, Hermanos Flores Mag\u00f3n, en la Colonia Topo Chico, que era de tiempo completo, pero con la pandemia dej\u00f3 de serlo, pues ahora no tienen alimentos para los estudiantes.&nbsp;<\/p>\n\n\n\n<p>Samuel Garc\u00eda tambi\u00e9n prometi\u00f3 que al concluir su mandato en seis a\u00f1os todas las escuelas tendr\u00e1n Internet.&nbsp;<\/p>\n\n\n\n<p>En cuanto al inicio de clases fue variable la asistencia a las aulas, pues en algunos planteles acudieron el 30 por ciento, en otros el 80 y hasta el 80 por ciento del alumnado.&nbsp;<\/p>\n","protected":false},"excerpt":{"rendered":"<p>Walter Elizondo&nbsp; Monterrey &#8211; Nuevo Le\u00f3n va por las escuelas de tiempo completo y si no hay apoyo federal, el Estado se har\u00e1 cargo, anunci\u00f3 el gobernador Samuel Garc\u00eda.&nbsp; Record\u00f3 que con el pretexto de la pandemia la Federaci\u00f3n dej\u00f3 de apoyar ese esquema de escuelas de tiempo completo que en Nuevo Le\u00f3n eran 840. [&hellip;]<\/p>\n","protected":false},"author":1,"featured_media":71413,"comment_status":"open","ping_status":"open","sticky":true,"template":"","format":"standard","meta":{"footnotes":""},"categories":[6,3],"tags":[],"_links":{"self":[{"href":"https:\/\/diariodigitalmx.com\/index.php\/wp-json\/wp\/v2\/posts\/71409"}],"collection":[{"href":"https:\/\/diariodigitalmx.com\/index.php\/wp-json\/wp\/v2\/posts"}],"about":[{"href":"https:\/\/diariodigitalmx.com\/index.php\/wp-json\/wp\/v2\/types\/post"}],"author":[{"embeddable":true,"href":"https:\/\/diariodigitalmx.com\/index.php\/wp-json\/wp\/v2\/users\/1"}],"replies":[{"embeddable":true,"href":"https:\/\/diariodigitalmx.com\/index.php\/wp-json\/wp\/v2\/comments?post=71409"}],"version-history":[{"count":4,"href":"https:\/\/diariodigitalmx.com\/index.php\/wp-json\/wp\/v2\/posts\/71409\/revisions"}],"predecessor-version":[{"id":71417,"href":"https:\/\/diariodigitalmx.com\/index.php\/wp-json\/wp\/v2\/posts\/71409\/revisions\/71417"}],"wp:featuredmedia":[{"embeddable":true,"href":"https:\/\/diariodigitalmx.com\/index.php\/wp-json\/wp\/v2\/media\/71413"}],"wp:attachment":[{"href":"https:\/\/diariodigitalmx.com\/index.php\/wp-json\/wp\/v2\/media?parent=71409"}],"wp:term":[{"taxonomy":"category","embeddable":true,"href":"https:\/\/diariodigitalmx.com\/index.php\/wp-json\/wp\/v2\/categories?post=71409"},{"taxonomy":"post_tag","embeddable":true,"href":"https:\/\/diariodigitalmx.com\/index.php\/wp-json\/wp\/v2\/tags?post=71409"}],"curies":[{"name":"wp","href":"https:\/\/api.w.org\/{rel}","templated":true}]}}