{"id":71442,"date":"2022-02-15T13:27:46","date_gmt":"2022-02-15T19:27:46","guid":{"rendered":"http:\/\/diariodigitalmx.com\/?p=71442"},"modified":"2022-02-15T13:28:18","modified_gmt":"2022-02-15T19:28:18","slug":"pide-derechos-humanos-prevenir-disturbios-en-penales-de-nl","status":"publish","type":"post","link":"https:\/\/diariodigitalmx.com\/index.php\/2022\/02\/15\/pide-derechos-humanos-prevenir-disturbios-en-penales-de-nl\/","title":{"rendered":"Pide Derechos Humanos prevenir disturbios en penales de NL"},"content":{"rendered":"\n<p>Monterrey &#8211; La Comisi\u00f3n Estatal de Derechos Humanos solicit\u00f3 protocolos y operativos para preservar el orden y la seguridad al interior de los centros penitenciarios.<\/p>\n\n\n\n<p>A poco m\u00e1s de un mes de la ri\u00f1a en el Centro de Reinserci\u00f3n Social de Apodaca, la Comisi\u00f3n Estatal de Derechos Humanos emiti\u00f3 una serie de medidas cautelares dirigidas a la Secretar\u00eda de Seguridad P\u00fablica del Estado para prevenir posibles disturbios.<\/p>\n\n\n\n<p>El documento de la CEDHNL dirigido a la dependencia de seguridad estatal se\u00f1al\u00f3 que el sistema penitenciario deber\u00eda aplicar protocolos necesarios para evitar cualquier evento violento, como extorsiones y cobros de piso.<\/p>\n\n\n\n<p>\u201cQue en base a la inteligencia institucional con que se cuente, se realicen las investigaciones al interior de los Centros de Reinserci\u00f3n Social del Estado, con la finalidad de conocer si se est\u00e1 planeando por parte de las personas que se encuentran privadas de la libertad en esos lugares o si pueden recibir ayuda del exterior para llevar a cabo disturbios que afecten la gobernabilidad de estos sitios\u201d, mencion\u00f3 el escrito.<\/p>\n\n\n\n<p>Adem\u00e1s, solicit\u00f3 que se efect\u00faen los operativos necesarios a fin de preservar el orden y la seguridad, as\u00ed como brindar informaci\u00f3n y atenci\u00f3n oportuna a la ciudadan\u00eda, la cual sirva para conocer los riesgos que pudieran enfrentar o el control que se tiene de la situaci\u00f3n frente a las amenazas.<\/p>\n\n\n\n<p>\u201cSe deber\u00e1 preservar en todo momento tanto la integridad f\u00edsica de las personas privadas de la libertad, respetando sus derechos humanos, entre otros, como una alimentaci\u00f3n adecuada\u201d, requiri\u00f3 el organismo p\u00fablico.<\/p>\n\n\n\n<p>\u201cQue las \u00e1reas de los sanitarios y regaderas est\u00e9n funcionando correctamente, garantizando el acceso a las mismas de la poblaci\u00f3n de cada lugar y que cada persona cuente con cobijas y colchones\u201d.<\/p>\n\n\n\n<p>El 7 de enero pasado se report\u00f3 una ri\u00f1a en el Centro de Reinserci\u00f3n Social n\u00famero 1, en Apodaca, con un saldo de 56 lesionados&nbsp;<\/p>\n","protected":false},"excerpt":{"rendered":"<p>Monterrey &#8211; La Comisi\u00f3n Estatal de Derechos Humanos solicit\u00f3 protocolos y operativos para preservar el orden y la seguridad al interior de los centros penitenciarios. A poco m\u00e1s de un mes de la ri\u00f1a en el Centro de Reinserci\u00f3n Social de Apodaca, la Comisi\u00f3n Estatal de Derechos Humanos emiti\u00f3 una serie de medidas cautelares dirigidas [&hellip;]<\/p>\n","protected":false},"author":1,"featured_media":71444,"comment_status":"open","ping_status":"open","sticky":true,"template":"","format":"standard","meta":{"footnotes":""},"categories":[6,5],"tags":[],"_links":{"self":[{"href":"https:\/\/diariodigitalmx.com\/index.php\/wp-json\/wp\/v2\/posts\/71442"}],"collection":[{"href":"https:\/\/diariodigitalmx.com\/index.php\/wp-json\/wp\/v2\/posts"}],"about":[{"href":"https:\/\/diariodigitalmx.com\/index.php\/wp-json\/wp\/v2\/types\/post"}],"author":[{"embeddable":true,"href":"https:\/\/diariodigitalmx.com\/index.php\/wp-json\/wp\/v2\/users\/1"}],"replies":[{"embeddable":true,"href":"https:\/\/diariodigitalmx.com\/index.php\/wp-json\/wp\/v2\/comments?post=71442"}],"version-history":[{"count":1,"href":"https:\/\/diariodigitalmx.com\/index.php\/wp-json\/wp\/v2\/posts\/71442\/revisions"}],"predecessor-version":[{"id":71443,"href":"https:\/\/diariodigitalmx.com\/index.php\/wp-json\/wp\/v2\/posts\/71442\/revisions\/71443"}],"wp:featuredmedia":[{"embeddable":true,"href":"https:\/\/diariodigitalmx.com\/index.php\/wp-json\/wp\/v2\/media\/71444"}],"wp:attachment":[{"href":"https:\/\/diariodigitalmx.com\/index.php\/wp-json\/wp\/v2\/media?parent=71442"}],"wp:term":[{"taxonomy":"category","embeddable":true,"href":"https:\/\/diariodigitalmx.com\/index.php\/wp-json\/wp\/v2\/categories?post=71442"},{"taxonomy":"post_tag","embeddable":true,"href":"https:\/\/diariodigitalmx.com\/index.php\/wp-json\/wp\/v2\/tags?post=71442"}],"curies":[{"name":"wp","href":"https:\/\/api.w.org\/{rel}","templated":true}]}}