{"id":71454,"date":"2022-02-15T21:20:41","date_gmt":"2022-02-16T03:20:41","guid":{"rendered":"http:\/\/diariodigitalmx.com\/?p=71454"},"modified":"2022-02-15T21:21:46","modified_gmt":"2022-02-16T03:21:46","slug":"pide-pt-transparencia-al-ine-al-designar-a-la-presidenta-de-la-cee","status":"publish","type":"post","link":"https:\/\/diariodigitalmx.com\/index.php\/2022\/02\/15\/pide-pt-transparencia-al-ine-al-designar-a-la-presidenta-de-la-cee\/","title":{"rendered":"Pide PT transparencia al INE al designar a la presidenta de la CEE"},"content":{"rendered":"\n<p>Monterrey .- El Congreso del Estado exhort\u00f3 al Instituto Nacional Electoral (INE), para que la designaci\u00f3n de la primera consejera presidenta de la Comisi\u00f3n Estatal Electoral (CEE) sea transparente y sin criterios partidistas.<\/p>\n\n\n\n<p>Esta propuesta de la diputada del Partido del Trabajo, Anyl\u00fa Bendici\u00f3n Hern\u00e1ndez Sep\u00falveda, obtuvo el voto a favor de todos los grupos legislativos.<\/p>\n\n\n\n<figure class=\"wp-block-image size-large\"><img loading=\"lazy\" decoding=\"async\" width=\"825\" height=\"514\" src=\"http:\/\/diariodigitalmx.com\/wp-content\/uploads\/2022\/02\/IMG-20220215-WA0023.jpg\" alt=\"\" class=\"wp-image-71457\" srcset=\"https:\/\/diariodigitalmx.com\/wp-content\/uploads\/2022\/02\/IMG-20220215-WA0023.jpg 825w, https:\/\/diariodigitalmx.com\/wp-content\/uploads\/2022\/02\/IMG-20220215-WA0023-300x187.jpg 300w, https:\/\/diariodigitalmx.com\/wp-content\/uploads\/2022\/02\/IMG-20220215-WA0023-768x478.jpg 768w\" sizes=\"(max-width: 825px) 100vw, 825px\" \/><\/figure>\n\n\n\n<p>Aparte de evitar criterios partidistas, se pidi\u00f3 al INE transparentar la informaci\u00f3n sobre los resultados del examen de conocimientos que se aplicar\u00e1 a las aspirantes.<\/p>\n\n\n\n<p>\u201cQue se pondere adem\u00e1s el perfil profesional de cada una de las nuevoleonesas que se registre para ocupar el cargo\u201d, plante\u00f3 la legisladora del PT.<\/p>\n\n\n\n<p>A m\u00e1s tardar del 30 de junio, el INE tendr\u00e1 que cubrir la presidencia vacante de la CEE.<\/p>\n\n\n\n<p>Para ello, emiti\u00f3 una convocatoria exclusiva para mujeres bajo el principio de alternancia din\u00e1mica, en cumplimiento de una sentencia emitida por el Tribunal Electoral del Poder Judicial de la Federaci\u00f3n.<\/p>\n\n\n\n<p>\u201cEsta medida refuerza la obligaci\u00f3n de proteger el derecho de igualdad en el acceso a cargos p\u00fablicos y de cumplir el principio de paridad en la integraci\u00f3n de las autoridades electorales locales\u201d, reconoci\u00f3 Anyl\u00fa Bendici\u00f3n.<\/p>\n","protected":false},"excerpt":{"rendered":"<p>Monterrey .- El Congreso del Estado exhort\u00f3 al Instituto Nacional Electoral (INE), para que la designaci\u00f3n de la primera consejera presidenta de la Comisi\u00f3n Estatal Electoral (CEE) sea transparente y sin criterios partidistas. Esta propuesta de la diputada del Partido del Trabajo, Anyl\u00fa Bendici\u00f3n Hern\u00e1ndez Sep\u00falveda, obtuvo el voto a favor de todos los grupos [&hellip;]<\/p>\n","protected":false},"author":1,"featured_media":71456,"comment_status":"open","ping_status":"open","sticky":true,"template":"","format":"standard","meta":{"footnotes":""},"categories":[6,5],"tags":[],"_links":{"self":[{"href":"https:\/\/diariodigitalmx.com\/index.php\/wp-json\/wp\/v2\/posts\/71454"}],"collection":[{"href":"https:\/\/diariodigitalmx.com\/index.php\/wp-json\/wp\/v2\/posts"}],"about":[{"href":"https:\/\/diariodigitalmx.com\/index.php\/wp-json\/wp\/v2\/types\/post"}],"author":[{"embeddable":true,"href":"https:\/\/diariodigitalmx.com\/index.php\/wp-json\/wp\/v2\/users\/1"}],"replies":[{"embeddable":true,"href":"https:\/\/diariodigitalmx.com\/index.php\/wp-json\/wp\/v2\/comments?post=71454"}],"version-history":[{"count":2,"href":"https:\/\/diariodigitalmx.com\/index.php\/wp-json\/wp\/v2\/posts\/71454\/revisions"}],"predecessor-version":[{"id":71458,"href":"https:\/\/diariodigitalmx.com\/index.php\/wp-json\/wp\/v2\/posts\/71454\/revisions\/71458"}],"wp:featuredmedia":[{"embeddable":true,"href":"https:\/\/diariodigitalmx.com\/index.php\/wp-json\/wp\/v2\/media\/71456"}],"wp:attachment":[{"href":"https:\/\/diariodigitalmx.com\/index.php\/wp-json\/wp\/v2\/media?parent=71454"}],"wp:term":[{"taxonomy":"category","embeddable":true,"href":"https:\/\/diariodigitalmx.com\/index.php\/wp-json\/wp\/v2\/categories?post=71454"},{"taxonomy":"post_tag","embeddable":true,"href":"https:\/\/diariodigitalmx.com\/index.php\/wp-json\/wp\/v2\/tags?post=71454"}],"curies":[{"name":"wp","href":"https:\/\/api.w.org\/{rel}","templated":true}]}}