{"id":71459,"date":"2022-02-15T21:29:45","date_gmt":"2022-02-16T03:29:45","guid":{"rendered":"http:\/\/diariodigitalmx.com\/?p=71459"},"modified":"2022-02-15T21:31:35","modified_gmt":"2022-02-16T03:31:35","slug":"buscan-cuerpos-de-desaparecidos-en-la-presa-la-boca","status":"publish","type":"post","link":"https:\/\/diariodigitalmx.com\/index.php\/2022\/02\/15\/buscan-cuerpos-de-desaparecidos-en-la-presa-la-boca\/","title":{"rendered":"Buscan cuerpos de desaparecidos en la Presa La Boca"},"content":{"rendered":"\n<p>Monterrey &#8211; Especialistas de la Fiscal\u00eda General de Justicia y la Comisi\u00f3n Local de B\u00fasqueda de Personas, pusieron en marcha un operativo en el casi seco lecho de la Presa La Boca, para ver la posibilidad de encontrar personas cuyos cuerpos habr\u00edan sido arrojados hace tiempo.<\/p>\n\n\n\n<p>La b\u00fasqueda se inici\u00f3 luego de que organizaciones relacionadas con los desaparecidos tanto en Nuevo Le\u00f3n como en Tamaulipas, han presionado a la autoridad para rastrear en la presa que se ubica a unos 30 kil\u00f3metros al sur en el municipio de Santiago.&nbsp;<\/p>\n\n\n\n<p>El nivel de la presa que tiene capacidad de 35 millones de metros c\u00fabicos ha bajado ante la sequ\u00eda y est\u00e1 por debajo del 20 por ciento, por lo que se busca por parte de los peritos en las \u00e1reas que quedan al descubierto.<\/p>\n\n\n\n<figure class=\"wp-block-image size-large\"><img loading=\"lazy\" decoding=\"async\" width=\"484\" height=\"1024\" src=\"http:\/\/diariodigitalmx.com\/wp-content\/uploads\/2022\/02\/IMG-20220215-WA0021-484x1024.jpg\" alt=\"\" class=\"wp-image-71462\" srcset=\"https:\/\/diariodigitalmx.com\/wp-content\/uploads\/2022\/02\/IMG-20220215-WA0021-484x1024.jpg 484w, https:\/\/diariodigitalmx.com\/wp-content\/uploads\/2022\/02\/IMG-20220215-WA0021-142x300.jpg 142w, https:\/\/diariodigitalmx.com\/wp-content\/uploads\/2022\/02\/IMG-20220215-WA0021-727x1536.jpg 727w, https:\/\/diariodigitalmx.com\/wp-content\/uploads\/2022\/02\/IMG-20220215-WA0021.jpg 757w\" sizes=\"(max-width: 484px) 100vw, 484px\" \/><\/figure>\n\n\n\n<p>Se aprovecha las \u00e1reas que han sido descubiertas por la baja del nivel del agua.&nbsp;<\/p>\n\n\n\n<p>La b\u00fasqueda de personas se debe a carpetas que se tienen abiertas desde hace a\u00f1os en que fue denunciada la desaparici\u00f3n.&nbsp;<\/p>\n\n\n\n<p>Estas carpetas de investigaci\u00f3n las tienen grupos antisecuestros de la entidad as\u00ed como del estado de Coahuila.<\/p>\n\n\n\n<figure class=\"wp-block-image size-large\"><img loading=\"lazy\" decoding=\"async\" width=\"1024\" height=\"768\" src=\"http:\/\/diariodigitalmx.com\/wp-content\/uploads\/2022\/02\/IMG-20220215-WA0019-1024x768.jpg\" alt=\"\" class=\"wp-image-71465\" srcset=\"https:\/\/diariodigitalmx.com\/wp-content\/uploads\/2022\/02\/IMG-20220215-WA0019-1024x768.jpg 1024w, https:\/\/diariodigitalmx.com\/wp-content\/uploads\/2022\/02\/IMG-20220215-WA0019-300x225.jpg 300w, https:\/\/diariodigitalmx.com\/wp-content\/uploads\/2022\/02\/IMG-20220215-WA0019-768x576.jpg 768w, https:\/\/diariodigitalmx.com\/wp-content\/uploads\/2022\/02\/IMG-20220215-WA0019.jpg 1408w\" sizes=\"(max-width: 1024px) 100vw, 1024px\" \/><\/figure>\n\n\n\n<p><\/p>\n\n\n\n<p>Peritos de la Fiscal\u00eda de Justicia realizan la b\u00fasqueda, adem\u00e1s de\u00a0personal de las comisiones locales de b\u00fasqueda de Nuevo Le\u00f3n y Coahuila, con apoyo de la Polic\u00eda Ministerial y Fuerza Civil.<\/p>\n\n\n\n<p>Unos 50 elementos realizan la b\u00fasqueda y al encontrarse algunos blocks y cubetas con cemento, integrantes del club &#8220;Boca Palma&#8221;, que realizan actividades como canotaje y esqu\u00ed, aclararon que se usan para las boyas flotantes con las que marcaban las pistas en donde se realizaban pr\u00e1cticas y competencias.&nbsp;<\/p>\n\n\n\n<p>Esta b\u00fasqueda se suma a la que se realiza en un predio del municipio de Escobedo, al norte de la zona metropolitana en donde se han encontrado 13 cuerpos enterrados, de los que 10 han sido identificados.&nbsp;<\/p>\n\n\n\n<p>Asimismo, en el municipio de Hidalgo, a unos 40 kil\u00f3metros al norte de Monterrey, se realizan otras excavaciones donde se han encontrado restos \u00f3seos de al menos dos personas.<\/p>\n","protected":false},"excerpt":{"rendered":"<p>Monterrey &#8211; Especialistas de la Fiscal\u00eda General de Justicia y la Comisi\u00f3n Local de B\u00fasqueda de Personas, pusieron en marcha un operativo en el casi seco lecho de la Presa La Boca, para ver la posibilidad de encontrar personas cuyos cuerpos habr\u00edan sido arrojados hace tiempo. La b\u00fasqueda se inici\u00f3 luego de que organizaciones relacionadas [&hellip;]<\/p>\n","protected":false},"author":1,"featured_media":71461,"comment_status":"open","ping_status":"open","sticky":true,"template":"","format":"standard","meta":{"footnotes":""},"categories":[6,3],"tags":[],"_links":{"self":[{"href":"https:\/\/diariodigitalmx.com\/index.php\/wp-json\/wp\/v2\/posts\/71459"}],"collection":[{"href":"https:\/\/diariodigitalmx.com\/index.php\/wp-json\/wp\/v2\/posts"}],"about":[{"href":"https:\/\/diariodigitalmx.com\/index.php\/wp-json\/wp\/v2\/types\/post"}],"author":[{"embeddable":true,"href":"https:\/\/diariodigitalmx.com\/index.php\/wp-json\/wp\/v2\/users\/1"}],"replies":[{"embeddable":true,"href":"https:\/\/diariodigitalmx.com\/index.php\/wp-json\/wp\/v2\/comments?post=71459"}],"version-history":[{"count":4,"href":"https:\/\/diariodigitalmx.com\/index.php\/wp-json\/wp\/v2\/posts\/71459\/revisions"}],"predecessor-version":[{"id":71466,"href":"https:\/\/diariodigitalmx.com\/index.php\/wp-json\/wp\/v2\/posts\/71459\/revisions\/71466"}],"wp:featuredmedia":[{"embeddable":true,"href":"https:\/\/diariodigitalmx.com\/index.php\/wp-json\/wp\/v2\/media\/71461"}],"wp:attachment":[{"href":"https:\/\/diariodigitalmx.com\/index.php\/wp-json\/wp\/v2\/media?parent=71459"}],"wp:term":[{"taxonomy":"category","embeddable":true,"href":"https:\/\/diariodigitalmx.com\/index.php\/wp-json\/wp\/v2\/categories?post=71459"},{"taxonomy":"post_tag","embeddable":true,"href":"https:\/\/diariodigitalmx.com\/index.php\/wp-json\/wp\/v2\/tags?post=71459"}],"curies":[{"name":"wp","href":"https:\/\/api.w.org\/{rel}","templated":true}]}}