{"id":71467,"date":"2022-02-15T21:45:42","date_gmt":"2022-02-16T03:45:42","guid":{"rendered":"http:\/\/diariodigitalmx.com\/?p=71467"},"modified":"2022-02-15T21:47:17","modified_gmt":"2022-02-16T03:47:17","slug":"protegera-club-coyotes-a-sus-corredores","status":"publish","type":"post","link":"https:\/\/diariodigitalmx.com\/index.php\/2022\/02\/15\/protegera-club-coyotes-a-sus-corredores\/","title":{"rendered":"Proteger\u00e1 Club Coyotes a sus corredores"},"content":{"rendered":"\n<p><strong>-Pospone de febrero a junio&nbsp; la 36\u00aa edici\u00f3n&nbsp; de su tradicional carrera presencial, por motivos del incremento de los contagios del COVID -19 durante los primeros&nbsp; meses del a\u00f1o, quedando vigente solo su versi\u00f3n virtual en su fecha original<\/strong><\/p>\n\n\n\n<p>Por: Ra\u00fal E. Guevara Ortiz.- El Comit\u00e9 Organizador del 5y 10K Coyotes Cumbres&nbsp; Monterrey coordinaci\u00f3n con sus patrocinadores a trav\u00e9s de un comunicado&nbsp; oficial han anunciado a la comunidad de corredores de Nuevo Le\u00f3n y la regi\u00f3n la postergaci\u00f3n de su evento presencial&nbsp; a realizarse el pr\u00f3ximo domingo 27 de febrero.<\/p>\n\n\n\n<p>\u201cLo anterior obedece a principalmente al problema del incremento de los contagios del Covid -19 y sus variantes que hemos tenido&nbsp; durante enero y lo que va de febrero del presente a\u00f1o, por lo&nbsp; tanto, preferimos&nbsp; tomar esta decisi\u00f3n\u201d, comentaron los integrantes del comit\u00e9 integrado por la directiva del Club Coyotes Cumbres de Monterrey, en coordinaci\u00f3n con su patrocinador principal Chevrolet- Del R\u00edo y Trotime responsable de la log\u00edstica del mismo.<\/p>\n\n\n\n<p>En el comunicado se informa que la carrera en forma presencial se llevar\u00e1 a cabo durante el mes de junio, en la fecha que pr\u00f3ximamente se dar\u00e1 a conocer.<\/p>\n\n\n\n<figure class=\"wp-block-image size-large\"><img loading=\"lazy\" decoding=\"async\" width=\"683\" height=\"1024\" src=\"http:\/\/diariodigitalmx.com\/wp-content\/uploads\/2022\/02\/IMG_7270-683x1024.jpg\" alt=\"\" class=\"wp-image-71471\" srcset=\"https:\/\/diariodigitalmx.com\/wp-content\/uploads\/2022\/02\/IMG_7270-683x1024.jpg 683w, https:\/\/diariodigitalmx.com\/wp-content\/uploads\/2022\/02\/IMG_7270-200x300.jpg 200w, https:\/\/diariodigitalmx.com\/wp-content\/uploads\/2022\/02\/IMG_7270-768x1152.jpg 768w, https:\/\/diariodigitalmx.com\/wp-content\/uploads\/2022\/02\/IMG_7270-1024x1536.jpg 1024w, https:\/\/diariodigitalmx.com\/wp-content\/uploads\/2022\/02\/IMG_7270-1365x2048.jpg 1365w, https:\/\/diariodigitalmx.com\/wp-content\/uploads\/2022\/02\/IMG_7270-scaled.jpg 1707w\" sizes=\"(max-width: 683px) 100vw, 683px\" \/><\/figure>\n\n\n\n<p>\u201cAl corredor o corredora que quisiera participar en forma virtual, lo podr\u00e1 hacer en el d\u00eda que originalmente se hab\u00eda programado la carrera que ser\u00e1 el domingo 27 de febrero, utilizando para ello&nbsp; la aplicaci\u00f3n de registro de tiempo manejado por Trotime. Para hacer valido lo anterior les pedimos&nbsp; enviar un correo a: <a href=\"mailto:info@trotime.com\">info@trotime.com<\/a> para poder trasladar su&nbsp; registro en forma virtual\u201d.<\/p>\n\n\n\n<p>En caso de que los corredores no est\u00e9n interesados en la opci\u00f3n virtual, su inscripci\u00f3n ser\u00e1 v\u00e1lida para la nueva fecha en junio del presente a\u00f1o, finaliza la informaci\u00f3n que el Club Coyotes Cumbres- Monterrey da a conocer a&nbsp; la comunidad corredora.<\/p>\n\n\n\n<p>Como se recordar\u00e1 la \u00faltima edici\u00f3n de esta tradicional carrera se llev\u00f3 a cabo el pasado 23 de febrero del a\u00f1o 2020 con una participaci\u00f3n de m\u00e1s de 2,500 corredores, siendo una de los \u00faltimos eventos que se realizaron antes del cierre de toda la actividad deportiva por causa del Covid-19, y que para el 2021 por primera vez en su historia tuvo que organizarse en forma virtual.&nbsp;<\/p>\n","protected":false},"excerpt":{"rendered":"<p>-Pospone de febrero a junio&nbsp; la 36\u00aa edici\u00f3n&nbsp; de su tradicional carrera presencial, por motivos del incremento de los contagios del COVID -19 durante los primeros&nbsp; meses del a\u00f1o, quedando vigente solo su versi\u00f3n virtual en su fecha original Por: Ra\u00fal E. Guevara Ortiz.- El Comit\u00e9 Organizador del 5y 10K Coyotes Cumbres&nbsp; Monterrey coordinaci\u00f3n con [&hellip;]<\/p>\n","protected":false},"author":1,"featured_media":71469,"comment_status":"open","ping_status":"open","sticky":true,"template":"","format":"standard","meta":{"footnotes":""},"categories":[8,5],"tags":[],"_links":{"self":[{"href":"https:\/\/diariodigitalmx.com\/index.php\/wp-json\/wp\/v2\/posts\/71467"}],"collection":[{"href":"https:\/\/diariodigitalmx.com\/index.php\/wp-json\/wp\/v2\/posts"}],"about":[{"href":"https:\/\/diariodigitalmx.com\/index.php\/wp-json\/wp\/v2\/types\/post"}],"author":[{"embeddable":true,"href":"https:\/\/diariodigitalmx.com\/index.php\/wp-json\/wp\/v2\/users\/1"}],"replies":[{"embeddable":true,"href":"https:\/\/diariodigitalmx.com\/index.php\/wp-json\/wp\/v2\/comments?post=71467"}],"version-history":[{"count":3,"href":"https:\/\/diariodigitalmx.com\/index.php\/wp-json\/wp\/v2\/posts\/71467\/revisions"}],"predecessor-version":[{"id":71472,"href":"https:\/\/diariodigitalmx.com\/index.php\/wp-json\/wp\/v2\/posts\/71467\/revisions\/71472"}],"wp:featuredmedia":[{"embeddable":true,"href":"https:\/\/diariodigitalmx.com\/index.php\/wp-json\/wp\/v2\/media\/71469"}],"wp:attachment":[{"href":"https:\/\/diariodigitalmx.com\/index.php\/wp-json\/wp\/v2\/media?parent=71467"}],"wp:term":[{"taxonomy":"category","embeddable":true,"href":"https:\/\/diariodigitalmx.com\/index.php\/wp-json\/wp\/v2\/categories?post=71467"},{"taxonomy":"post_tag","embeddable":true,"href":"https:\/\/diariodigitalmx.com\/index.php\/wp-json\/wp\/v2\/tags?post=71467"}],"curies":[{"name":"wp","href":"https:\/\/api.w.org\/{rel}","templated":true}]}}