{"id":71475,"date":"2022-02-15T23:49:40","date_gmt":"2022-02-16T05:49:40","guid":{"rendered":"http:\/\/diariodigitalmx.com\/?p=71475"},"modified":"2022-02-15T23:51:00","modified_gmt":"2022-02-16T05:51:00","slug":"a-los-106-anos-muere-carmen-herrera-pintora-cubana","status":"publish","type":"post","link":"https:\/\/diariodigitalmx.com\/index.php\/2022\/02\/15\/a-los-106-anos-muere-carmen-herrera-pintora-cubana\/","title":{"rendered":"A los 106 a\u00f1os muere Carmen Herrera, pintora cubana"},"content":{"rendered":"\n<p>*Vendi\u00f3 su primer cuadro a los 90 a\u00f1os<\/p>\n\n\n\n<p>*Su obra esta en importantes museos y galer\u00edas<\/p>\n\n\n\n<p>EFE EN NUEVA YORK<\/p>\n\n\n\n<p>(La Cr\u00f3nica de Hoy)&nbsp;<\/p>\n\n\n\n<p>La pintora cubana Carmen Herrera, que alcanz\u00f3 la fama solo cuando ya era una anciana, muri\u00f3 ayer en su domicilio de Nueva York a los 106 a\u00f1os, seg\u00fan anunci\u00f3 la galer\u00eda Lisson que la representaba.<\/p>\n\n\n\n<p>&#8220;Con inmensa tristeza anunciamos la muerte de Carmen (&#8230;) Muri\u00f3 en paz mientras dorm\u00eda en su estudio-apartamento de Nueva York donde vivi\u00f3 y trabaj\u00f3 desde 1967, la mayor parte de ese tiempo con su marido Jesse Lowenthal, quien tambi\u00e9n muri\u00f3 en casa en 2000&#8221;, escribe la galer\u00eda en su obituario.<\/p>\n\n\n\n<p>Herrera vendi\u00f3 su primer cuadro a los 90 a\u00f1os y, pese a haber pasado desapercibida durante d\u00e9cadas, sus obras cuelgan en el MoMA de Nueva York, el Hirshhorn Museum de Washington y en la londinense Tate Galerie.<\/p>\n\n\n\n<figure class=\"wp-block-image size-large\"><img loading=\"lazy\" decoding=\"async\" width=\"723\" height=\"424\" src=\"http:\/\/diariodigitalmx.com\/wp-content\/uploads\/2022\/02\/images-3-7.jpeg\" alt=\"\" class=\"wp-image-71478\" srcset=\"https:\/\/diariodigitalmx.com\/wp-content\/uploads\/2022\/02\/images-3-7.jpeg 723w, https:\/\/diariodigitalmx.com\/wp-content\/uploads\/2022\/02\/images-3-7-300x176.jpeg 300w\" sizes=\"(max-width: 723px) 100vw, 723px\" \/><\/figure>\n\n\n\n<p>Formada en su Habana natal como arquitecta en los a\u00f1os 1938 y 39, complet\u00f3 su educaci\u00f3n art\u00edstica en Par\u00eds, Roma y Berl\u00edn, ciudades donde vivi\u00f3 la eclosi\u00f3n de las vanguardias, en particular en Par\u00eds, donde vivi\u00f3 entre 1948 y 1954.<\/p>\n\n\n\n<p>En ese a\u00f1o, se mud\u00f3 a Nueva York, y trab\u00f3 amistad con artistas como Mark Rothko o Barbara Hepworth, mientras desarrollaba su estilo minimalista de abstracci\u00f3n geom\u00e9trica, caracterizado por una paleta muy precisa de solo dos o tres colores en cada composici\u00f3n.<\/p>\n\n\n\n<p>&#8220;No hay nada que ame m\u00e1s que una l\u00ednea recta, \u00bfc\u00f3mo explicarlo? Es verdaderamente el principio de toda estructura (&#8230;) Alguien me dijo un d\u00eda que yo pintar\u00e9 un punto y ya habr\u00e9 acabado&#8221;, brome\u00f3 en una ocasi\u00f3n.<\/p>\n\n\n\n<p>Seg\u00fan su galer\u00eda, a Herrera la salv\u00f3 y la conden\u00f3 al mismo tiempo su rechazo a abrazar cualquier movimiento, incluso el que naturalmente le era m\u00e1s cercano, el minimalismo de los a\u00f1os 70 del pasado siglo, &#8220;dominado por varones&#8221;, pues ese rechazo &#8220;la dej\u00f3 libre para experimentar a su manera&#8221;.<\/p>\n\n\n\n<p>El New York Times recuerda hoy que Herrera &#8220;pint\u00f3 en la oscuridad durante d\u00e9cadas&#8221;, en las que vivi\u00f3 de los ingresos de su esposo, un profesor de ingl\u00e9s, y resalta que su salto a la verdadera fama no se produjo hasta 2004.<\/p>\n\n\n\n<p>A finales de 2016, el Whitney Museum of American Art le dedic\u00f3 una retrospectiva, la segunda exhibici\u00f3n individual que logra la artista cubana en una longeva carrera que comenz\u00f3 en los a\u00f1os 50 del siglo pasado, despu\u00e9s de la que protagoniz\u00f3 en 1984 en el desaparecido Alternative Museum.<\/p>\n\n\n\n<p>A una semana de cumplir 102 a\u00f1os, la artista vendi\u00f3 entonces su cuadro &#8220;Verticals&#8221; en una subasta de la casa Christie&#8217;s por m\u00e1s del doble de lo anticipado, 751.500 d\u00f3lares, una muestra de la fama que ha alcanzado en los \u00faltimos a\u00f1os.<\/p>\n","protected":false},"excerpt":{"rendered":"<p>*Vendi\u00f3 su primer cuadro a los 90 a\u00f1os *Su obra esta en importantes museos y galer\u00edas EFE EN NUEVA YORK (La Cr\u00f3nica de Hoy)&nbsp; La pintora cubana Carmen Herrera, que alcanz\u00f3 la fama solo cuando ya era una anciana, muri\u00f3 ayer en su domicilio de Nueva York a los 106 a\u00f1os, seg\u00fan anunci\u00f3 la galer\u00eda [&hellip;]<\/p>\n","protected":false},"author":1,"featured_media":71477,"comment_status":"open","ping_status":"open","sticky":true,"template":"","format":"standard","meta":{"footnotes":""},"categories":[11,14],"tags":[],"_links":{"self":[{"href":"https:\/\/diariodigitalmx.com\/index.php\/wp-json\/wp\/v2\/posts\/71475"}],"collection":[{"href":"https:\/\/diariodigitalmx.com\/index.php\/wp-json\/wp\/v2\/posts"}],"about":[{"href":"https:\/\/diariodigitalmx.com\/index.php\/wp-json\/wp\/v2\/types\/post"}],"author":[{"embeddable":true,"href":"https:\/\/diariodigitalmx.com\/index.php\/wp-json\/wp\/v2\/users\/1"}],"replies":[{"embeddable":true,"href":"https:\/\/diariodigitalmx.com\/index.php\/wp-json\/wp\/v2\/comments?post=71475"}],"version-history":[{"count":2,"href":"https:\/\/diariodigitalmx.com\/index.php\/wp-json\/wp\/v2\/posts\/71475\/revisions"}],"predecessor-version":[{"id":71479,"href":"https:\/\/diariodigitalmx.com\/index.php\/wp-json\/wp\/v2\/posts\/71475\/revisions\/71479"}],"wp:featuredmedia":[{"embeddable":true,"href":"https:\/\/diariodigitalmx.com\/index.php\/wp-json\/wp\/v2\/media\/71477"}],"wp:attachment":[{"href":"https:\/\/diariodigitalmx.com\/index.php\/wp-json\/wp\/v2\/media?parent=71475"}],"wp:term":[{"taxonomy":"category","embeddable":true,"href":"https:\/\/diariodigitalmx.com\/index.php\/wp-json\/wp\/v2\/categories?post=71475"},{"taxonomy":"post_tag","embeddable":true,"href":"https:\/\/diariodigitalmx.com\/index.php\/wp-json\/wp\/v2\/tags?post=71475"}],"curies":[{"name":"wp","href":"https:\/\/api.w.org\/{rel}","templated":true}]}}