{"id":71489,"date":"2022-02-16T16:09:33","date_gmt":"2022-02-16T22:09:33","guid":{"rendered":"http:\/\/diariodigitalmx.com\/?p=71489"},"modified":"2022-02-16T16:11:58","modified_gmt":"2022-02-16T22:11:58","slug":"trasladan-reos-de-penal-de-apodaca-al-de-cadereyta","status":"publish","type":"post","link":"https:\/\/diariodigitalmx.com\/index.php\/2022\/02\/16\/trasladan-reos-de-penal-de-apodaca-al-de-cadereyta\/","title":{"rendered":"Trasladan reos de penal de Apodaca al de Cadereyta"},"content":{"rendered":"\n<p>Monterrey &#8211;&nbsp; Para evitar conflictos al interior de los reclusorios, fueron trasladados del penal de Apodaca al Cereso de Cadereyta 70 internos.&nbsp;<\/p>\n\n\n\n<p>A trav\u00e9s de una amplia movilizaci\u00f3n y un operativo integrado por elementos de Fuerza Civil y de la Guardia Nacional, se hizo el traslado y la posterior custodia de las unidades que llevaron a los reos a Cadereyta, a unos 30 kil\u00f3metros al oriente de Monterrey.<\/p>\n\n\n\n<figure class=\"wp-block-image size-large\"><img loading=\"lazy\" decoding=\"async\" width=\"1024\" height=\"683\" src=\"http:\/\/diariodigitalmx.com\/wp-content\/uploads\/2022\/02\/SUM_4561-1024x683.jpg\" alt=\"\" class=\"wp-image-71492\" srcset=\"https:\/\/diariodigitalmx.com\/wp-content\/uploads\/2022\/02\/SUM_4561-1024x683.jpg 1024w, https:\/\/diariodigitalmx.com\/wp-content\/uploads\/2022\/02\/SUM_4561-300x200.jpg 300w, https:\/\/diariodigitalmx.com\/wp-content\/uploads\/2022\/02\/SUM_4561-768x512.jpg 768w, https:\/\/diariodigitalmx.com\/wp-content\/uploads\/2022\/02\/SUM_4561-1536x1024.jpg 1536w, https:\/\/diariodigitalmx.com\/wp-content\/uploads\/2022\/02\/SUM_4561-2048x1365.jpg 2048w\" sizes=\"(max-width: 1024px) 100vw, 1024px\" \/><\/figure>\n\n\n\n<p>Aunque no se dio una versi\u00f3n oficial acerca del cambio, se sabe extraoficialmente que se debe a que no se quiere perder el control y generar conflictos al interior de los Ceresos.&nbsp;<\/p>\n\n\n\n<p>Cuando se realiz\u00f3 la movilizaci\u00f3n de los polic\u00edas hacia el penal de Apodaca al norte de la zona metropolitana regiomontana, se especul\u00f3 que habr\u00eda problemas al interior, sin embargo, posteriormente se aclar\u00f3 que se trataba de un traslado.<\/p>\n\n\n\n<figure class=\"wp-block-image size-large\"><img loading=\"lazy\" decoding=\"async\" width=\"1024\" height=\"683\" src=\"http:\/\/diariodigitalmx.com\/wp-content\/uploads\/2022\/02\/SUM_4587-1024x683.jpg\" alt=\"\" class=\"wp-image-71495\" srcset=\"https:\/\/diariodigitalmx.com\/wp-content\/uploads\/2022\/02\/SUM_4587-1024x683.jpg 1024w, https:\/\/diariodigitalmx.com\/wp-content\/uploads\/2022\/02\/SUM_4587-300x200.jpg 300w, https:\/\/diariodigitalmx.com\/wp-content\/uploads\/2022\/02\/SUM_4587-768x512.jpg 768w, https:\/\/diariodigitalmx.com\/wp-content\/uploads\/2022\/02\/SUM_4587-1536x1024.jpg 1536w, https:\/\/diariodigitalmx.com\/wp-content\/uploads\/2022\/02\/SUM_4587-2048x1365.jpg 2048w\" sizes=\"(max-width: 1024px) 100vw, 1024px\" \/><\/figure>\n\n\n\n<p>Algunas voces extraoficiales tambi\u00e9n corrieron la versi\u00f3n de que varios de los internos habr\u00edan sido llevados a otros penales federales fuera de Nuevo Le\u00f3n.&nbsp;<\/p>\n\n\n\n<p>Despu\u00e9s de la llegada de Samuel Garc\u00eda al gobierno estatal en octubre pasado, han aparecido espor\u00e1dicamente algunas mantas de grupos de la delincuencia organizada que amenazaban a las autoridades.&nbsp;<\/p>\n\n\n\n<p>Este es el primer traslado de reos a otro penal en la actual administraci\u00f3n de Samuel Garc\u00eda.&nbsp;<\/p>\n\n\n\n<p>Con Jaime Rodr\u00edguez Calder\u00f3n hubo al menos tres traslados a otros penales federales, tras enfrentamientos y ri\u00f1as al interior de los penales.&nbsp;<\/p>\n","protected":false},"excerpt":{"rendered":"<p>Monterrey &#8211;&nbsp; Para evitar conflictos al interior de los reclusorios, fueron trasladados del penal de Apodaca al Cereso de Cadereyta 70 internos.&nbsp; A trav\u00e9s de una amplia movilizaci\u00f3n y un operativo integrado por elementos de Fuerza Civil y de la Guardia Nacional, se hizo el traslado y la posterior custodia de las unidades que llevaron [&hellip;]<\/p>\n","protected":false},"author":1,"featured_media":71491,"comment_status":"open","ping_status":"open","sticky":true,"template":"","format":"standard","meta":{"footnotes":""},"categories":[3,7],"tags":[],"_links":{"self":[{"href":"https:\/\/diariodigitalmx.com\/index.php\/wp-json\/wp\/v2\/posts\/71489"}],"collection":[{"href":"https:\/\/diariodigitalmx.com\/index.php\/wp-json\/wp\/v2\/posts"}],"about":[{"href":"https:\/\/diariodigitalmx.com\/index.php\/wp-json\/wp\/v2\/types\/post"}],"author":[{"embeddable":true,"href":"https:\/\/diariodigitalmx.com\/index.php\/wp-json\/wp\/v2\/users\/1"}],"replies":[{"embeddable":true,"href":"https:\/\/diariodigitalmx.com\/index.php\/wp-json\/wp\/v2\/comments?post=71489"}],"version-history":[{"count":3,"href":"https:\/\/diariodigitalmx.com\/index.php\/wp-json\/wp\/v2\/posts\/71489\/revisions"}],"predecessor-version":[{"id":71496,"href":"https:\/\/diariodigitalmx.com\/index.php\/wp-json\/wp\/v2\/posts\/71489\/revisions\/71496"}],"wp:featuredmedia":[{"embeddable":true,"href":"https:\/\/diariodigitalmx.com\/index.php\/wp-json\/wp\/v2\/media\/71491"}],"wp:attachment":[{"href":"https:\/\/diariodigitalmx.com\/index.php\/wp-json\/wp\/v2\/media?parent=71489"}],"wp:term":[{"taxonomy":"category","embeddable":true,"href":"https:\/\/diariodigitalmx.com\/index.php\/wp-json\/wp\/v2\/categories?post=71489"},{"taxonomy":"post_tag","embeddable":true,"href":"https:\/\/diariodigitalmx.com\/index.php\/wp-json\/wp\/v2\/tags?post=71489"}],"curies":[{"name":"wp","href":"https:\/\/api.w.org\/{rel}","templated":true}]}}