{"id":71501,"date":"2022-02-16T16:23:13","date_gmt":"2022-02-16T22:23:13","guid":{"rendered":"http:\/\/diariodigitalmx.com\/?p=71501"},"modified":"2022-02-16T16:25:41","modified_gmt":"2022-02-16T22:25:41","slug":"conmemoran-en-apodaca-natalicio-del-profesor-moises-saenz-garza","status":"publish","type":"post","link":"https:\/\/diariodigitalmx.com\/index.php\/2022\/02\/16\/conmemoran-en-apodaca-natalicio-del-profesor-moises-saenz-garza\/","title":{"rendered":"Conmemoran en Apodaca natalicio del profesor Mois\u00e9s S\u00e1enz Garza"},"content":{"rendered":"\n<p>Apodaca, N. L- Con una guardia de honor, el Gobierno de Apodaca conmemor\u00f3 esta ma\u00f1ana el 134 Aniversario del natalicio del Profr. Mois\u00e9s S\u00e1enz Garza.<\/p>\n\n\n\n<p>La ceremonia se llev\u00f3 a cabo en el monumento a su memoria ubicado en la plaza principal de la comunidad que lo viera nacer, El Mezquital, la cual fue encabezada por el Secretario del Ayuntamiento, H\u00e9ctor Morales Rivera, en representaci\u00f3n del Alcalde C\u00e9sar Garza Villarreal.<\/p>\n\n\n\n<figure class=\"wp-block-image size-large\"><img loading=\"lazy\" decoding=\"async\" width=\"1024\" height=\"683\" src=\"http:\/\/diariodigitalmx.com\/wp-content\/uploads\/2022\/02\/IMG_5087-1024x683.jpg\" alt=\"\" class=\"wp-image-71504\" srcset=\"https:\/\/diariodigitalmx.com\/wp-content\/uploads\/2022\/02\/IMG_5087-1024x683.jpg 1024w, https:\/\/diariodigitalmx.com\/wp-content\/uploads\/2022\/02\/IMG_5087-300x200.jpg 300w, https:\/\/diariodigitalmx.com\/wp-content\/uploads\/2022\/02\/IMG_5087-768x512.jpg 768w, https:\/\/diariodigitalmx.com\/wp-content\/uploads\/2022\/02\/IMG_5087-1536x1024.jpg 1536w, https:\/\/diariodigitalmx.com\/wp-content\/uploads\/2022\/02\/IMG_5087-2048x1365.jpg 2048w\" sizes=\"(max-width: 1024px) 100vw, 1024px\" \/><\/figure>\n\n\n\n<p>Mois\u00e9s S\u00e1enz Garza es considerado como el forjador de la educaci\u00f3n secundaria a nivel nacional, nacido un 19 de febrero de 1888 en dicho poblado de Apodaca, siendo adem\u00e1s un mexicano indigenista, educador, diplom\u00e1tico y pol\u00edtico mexicano.<\/p>\n\n\n\n<p>H\u00e9ctor Morales Rivera destac\u00f3 el reconocimiento a un nuevoleon\u00e9s de excepci\u00f3n, orgullo e hijo predilecto de Apodaca.<\/p>\n\n\n\n<figure class=\"wp-block-image size-large\"><img loading=\"lazy\" decoding=\"async\" width=\"683\" height=\"1024\" src=\"http:\/\/diariodigitalmx.com\/wp-content\/uploads\/2022\/02\/IMG_5026-683x1024.jpg\" alt=\"\" class=\"wp-image-71507\" srcset=\"https:\/\/diariodigitalmx.com\/wp-content\/uploads\/2022\/02\/IMG_5026-683x1024.jpg 683w, https:\/\/diariodigitalmx.com\/wp-content\/uploads\/2022\/02\/IMG_5026-200x300.jpg 200w, https:\/\/diariodigitalmx.com\/wp-content\/uploads\/2022\/02\/IMG_5026-768x1152.jpg 768w, https:\/\/diariodigitalmx.com\/wp-content\/uploads\/2022\/02\/IMG_5026-1024x1536.jpg 1024w, https:\/\/diariodigitalmx.com\/wp-content\/uploads\/2022\/02\/IMG_5026-1365x2048.jpg 1365w, https:\/\/diariodigitalmx.com\/wp-content\/uploads\/2022\/02\/IMG_5026-scaled.jpg 1707w\" sizes=\"(max-width: 683px) 100vw, 683px\" \/><\/figure>\n\n\n\n<p>\u201cBien hemos afirmado que la sencillez de su origen y el esfuerzo que desde ni\u00f1o despleg\u00f3, se convirtieron en acicate para hacer de \u00e9l un hombre que fue grande en su paso por la vida. Dej\u00f3 huella y sus hechos y actos trascendieron en la vida de toda la naci\u00f3n\u201d, se\u00f1al\u00f3 el Secretario del Ayuntamiento.<\/p>\n\n\n\n<p>Reconoci\u00f3 que Mois\u00e9s S\u00e1enz Garza se constituy\u00f3 como el fundador e impulsor del sistema de segunda ense\u00f1anza, a trav\u00e9s del cual nuestro pa\u00eds articul\u00f3 s\u00f3lidamente el Sistema Educativo Nacional, d\u00e1ndole al pueblo mexicano la opci\u00f3n de un mejor destino a trav\u00e9s de la educaci\u00f3n.<\/p>\n\n\n\n<figure class=\"wp-block-image size-large\"><img loading=\"lazy\" decoding=\"async\" width=\"1024\" height=\"683\" src=\"http:\/\/diariodigitalmx.com\/wp-content\/uploads\/2022\/02\/IMG_5099-copia-1024x683.jpg\" alt=\"\" class=\"wp-image-71509\" srcset=\"https:\/\/diariodigitalmx.com\/wp-content\/uploads\/2022\/02\/IMG_5099-copia-1024x683.jpg 1024w, https:\/\/diariodigitalmx.com\/wp-content\/uploads\/2022\/02\/IMG_5099-copia-300x200.jpg 300w, https:\/\/diariodigitalmx.com\/wp-content\/uploads\/2022\/02\/IMG_5099-copia-768x512.jpg 768w, https:\/\/diariodigitalmx.com\/wp-content\/uploads\/2022\/02\/IMG_5099-copia-1536x1024.jpg 1536w, https:\/\/diariodigitalmx.com\/wp-content\/uploads\/2022\/02\/IMG_5099-copia-2048x1365.jpg 2048w\" sizes=\"(max-width: 1024px) 100vw, 1024px\" \/><\/figure>\n\n\n\n<p>En el evento estuvieron presentes algunos exalcaldes, diputados locales y federales, secretarios y directores del municipio y miembros del Cabildo, as\u00ed como autoridades educativas y alumnos de la Secundaria 3 Profr. Mois\u00e9s S\u00e1enz Garza y Secundaria 10 Aar\u00f3n S\u00e1enz Garza.<\/p>\n","protected":false},"excerpt":{"rendered":"<p>Apodaca, N. L- Con una guardia de honor, el Gobierno de Apodaca conmemor\u00f3 esta ma\u00f1ana el 134 Aniversario del natalicio del Profr. Mois\u00e9s S\u00e1enz Garza. La ceremonia se llev\u00f3 a cabo en el monumento a su memoria ubicado en la plaza principal de la comunidad que lo viera nacer, El Mezquital, la cual fue encabezada [&hellip;]<\/p>\n","protected":false},"author":1,"featured_media":71503,"comment_status":"open","ping_status":"open","sticky":true,"template":"","format":"standard","meta":{"footnotes":""},"categories":[14,6],"tags":[],"_links":{"self":[{"href":"https:\/\/diariodigitalmx.com\/index.php\/wp-json\/wp\/v2\/posts\/71501"}],"collection":[{"href":"https:\/\/diariodigitalmx.com\/index.php\/wp-json\/wp\/v2\/posts"}],"about":[{"href":"https:\/\/diariodigitalmx.com\/index.php\/wp-json\/wp\/v2\/types\/post"}],"author":[{"embeddable":true,"href":"https:\/\/diariodigitalmx.com\/index.php\/wp-json\/wp\/v2\/users\/1"}],"replies":[{"embeddable":true,"href":"https:\/\/diariodigitalmx.com\/index.php\/wp-json\/wp\/v2\/comments?post=71501"}],"version-history":[{"count":4,"href":"https:\/\/diariodigitalmx.com\/index.php\/wp-json\/wp\/v2\/posts\/71501\/revisions"}],"predecessor-version":[{"id":71510,"href":"https:\/\/diariodigitalmx.com\/index.php\/wp-json\/wp\/v2\/posts\/71501\/revisions\/71510"}],"wp:featuredmedia":[{"embeddable":true,"href":"https:\/\/diariodigitalmx.com\/index.php\/wp-json\/wp\/v2\/media\/71503"}],"wp:attachment":[{"href":"https:\/\/diariodigitalmx.com\/index.php\/wp-json\/wp\/v2\/media?parent=71501"}],"wp:term":[{"taxonomy":"category","embeddable":true,"href":"https:\/\/diariodigitalmx.com\/index.php\/wp-json\/wp\/v2\/categories?post=71501"},{"taxonomy":"post_tag","embeddable":true,"href":"https:\/\/diariodigitalmx.com\/index.php\/wp-json\/wp\/v2\/tags?post=71501"}],"curies":[{"name":"wp","href":"https:\/\/api.w.org\/{rel}","templated":true}]}}