{"id":71518,"date":"2022-02-16T19:41:50","date_gmt":"2022-02-17T01:41:50","guid":{"rendered":"http:\/\/diariodigitalmx.com\/?p=71518"},"modified":"2022-02-16T19:43:12","modified_gmt":"2022-02-17T01:43:12","slug":"va-pri-por-reactivar-monterrey-vi-una-torpeza-del-bronco-haberlo-cancelado","status":"publish","type":"post","link":"https:\/\/diariodigitalmx.com\/index.php\/2022\/02\/16\/va-pri-por-reactivar-monterrey-vi-una-torpeza-del-bronco-haberlo-cancelado\/","title":{"rendered":"Va PRI por reactivar Monterrey VI; una torpeza del Bronco haberlo cancelado"},"content":{"rendered":"\n<p>*Traer agua del P\u00e1nuco es la soluci\u00f3n Monterrey &#8211;&nbsp; Diputados federales y locales del PRI buscan reactivar el Plan Hidr\u00e1ulico Monterrey VI para traer agua del r\u00edo P\u00e1nuco y calificaron de gran error que El Bronco haya cancelado el proyecto.&nbsp;<\/p>\n\n\n\n<p>Los legisladores estuvieron en el lecho casi seco de la Presa La Boca y establecieron el compromiso de acudir a la Federaci\u00f3n para que se acelere la decisi\u00f3n de declaratoria de emergencia por la crisis del agua.<\/p>\n\n\n\n<figure class=\"wp-block-image size-large\"><img loading=\"lazy\" decoding=\"async\" width=\"1024\" height=\"683\" src=\"http:\/\/diariodigitalmx.com\/wp-content\/uploads\/2022\/02\/IMG-20220216-WA0036.jpg\" alt=\"\" class=\"wp-image-71522\" srcset=\"https:\/\/diariodigitalmx.com\/wp-content\/uploads\/2022\/02\/IMG-20220216-WA0036.jpg 1024w, https:\/\/diariodigitalmx.com\/wp-content\/uploads\/2022\/02\/IMG-20220216-WA0036-300x200.jpg 300w, https:\/\/diariodigitalmx.com\/wp-content\/uploads\/2022\/02\/IMG-20220216-WA0036-768x512.jpg 768w\" sizes=\"(max-width: 1024px) 100vw, 1024px\" \/><\/figure>\n\n\n\n<p>Rub\u00e9n Moreira, coordinador de la bancada Federal pri\u00edsta dijo estar impresionado por la sequ\u00eda en la presa y se\u00f1al\u00f3 que haber destruido Monterrey VI es uno de los errores hist\u00f3ricos m\u00e1s grandes que se han cometido en el noreste del Pa\u00eds.&nbsp;<\/p>\n\n\n\n<p>&#8220;La destrucci\u00f3n populista de programas importantes a mediano y a corto plazo tienen consecuencias&#8221;, sostuvo. Si Monterrey VI se hubiera concretado, no estuvi\u00e9ramos viviendo esto. Fue un capricho pol\u00edtico&#8221;, coment\u00f3.<\/p>\n\n\n\n<figure class=\"wp-block-image size-large\"><img loading=\"lazy\" decoding=\"async\" width=\"1024\" height=\"682\" src=\"http:\/\/diariodigitalmx.com\/wp-content\/uploads\/2022\/02\/IMG-20220216-WA0038-1024x682.jpg\" alt=\"\" class=\"wp-image-71524\" srcset=\"https:\/\/diariodigitalmx.com\/wp-content\/uploads\/2022\/02\/IMG-20220216-WA0038-1024x682.jpg 1024w, https:\/\/diariodigitalmx.com\/wp-content\/uploads\/2022\/02\/IMG-20220216-WA0038-300x200.jpg 300w, https:\/\/diariodigitalmx.com\/wp-content\/uploads\/2022\/02\/IMG-20220216-WA0038-768x512.jpg 768w, https:\/\/diariodigitalmx.com\/wp-content\/uploads\/2022\/02\/IMG-20220216-WA0038.jpg 1280w\" sizes=\"(max-width: 1024px) 100vw, 1024px\" \/><\/figure>\n\n\n\n<p>En su posicionamiento los priistas lanzaron un S.O.S. a la autoridad federal para que acelere los tr\u00e1mites de declaratoria de emergencia por sequ\u00eda y que en la entidad la decret\u00f3 el Estado.<\/p>\n\n\n\n<p>Informaron que Monterrey VI es viable, que la concesi\u00f3n para el uso de agua del R\u00edo P\u00e1nuco a\u00fan est\u00e1 vigente, por lo que ser\u00eda un plan a largo plazo, y anunciaron el inicio de una campa\u00f1a para traer a Nuevo Le\u00f3n agua del P\u00e1nuco.&nbsp;<\/p>\n\n\n\n<p>&#8220;Ha sido la decisi\u00f3n m\u00e1s torpe del Gobernador m\u00e1s torpe que ha tenido en la \u00e9poca moderna el Estado de Nuevo Le\u00f3n, que es Jaime o &#8216;El Bronco'&#8221;, dijo el diputado Jos\u00e9 Luis Garza Ochoa.<\/p>\n\n\n\n<p>Jaime Rodr\u00edguez Calder\u00f3n cancel\u00f3 el plan Hidr\u00e1ulico Monterrey VI que impulsaba su antecesor priista Rodrigo Medina para traer agua.&nbsp;<\/p>\n\n\n\n<p>Hoy la crisis del agua se agudiza aqu\u00ed.&nbsp;<\/p>\n","protected":false},"excerpt":{"rendered":"<p>*Traer agua del P\u00e1nuco es la soluci\u00f3n Monterrey &#8211;&nbsp; Diputados federales y locales del PRI buscan reactivar el Plan Hidr\u00e1ulico Monterrey VI para traer agua del r\u00edo P\u00e1nuco y calificaron de gran error que El Bronco haya cancelado el proyecto.&nbsp; Los legisladores estuvieron en el lecho casi seco de la Presa La Boca y establecieron [&hellip;]<\/p>\n","protected":false},"author":1,"featured_media":71520,"comment_status":"open","ping_status":"open","sticky":true,"template":"","format":"standard","meta":{"footnotes":""},"categories":[6,3],"tags":[],"_links":{"self":[{"href":"https:\/\/diariodigitalmx.com\/index.php\/wp-json\/wp\/v2\/posts\/71518"}],"collection":[{"href":"https:\/\/diariodigitalmx.com\/index.php\/wp-json\/wp\/v2\/posts"}],"about":[{"href":"https:\/\/diariodigitalmx.com\/index.php\/wp-json\/wp\/v2\/types\/post"}],"author":[{"embeddable":true,"href":"https:\/\/diariodigitalmx.com\/index.php\/wp-json\/wp\/v2\/users\/1"}],"replies":[{"embeddable":true,"href":"https:\/\/diariodigitalmx.com\/index.php\/wp-json\/wp\/v2\/comments?post=71518"}],"version-history":[{"count":4,"href":"https:\/\/diariodigitalmx.com\/index.php\/wp-json\/wp\/v2\/posts\/71518\/revisions"}],"predecessor-version":[{"id":71525,"href":"https:\/\/diariodigitalmx.com\/index.php\/wp-json\/wp\/v2\/posts\/71518\/revisions\/71525"}],"wp:featuredmedia":[{"embeddable":true,"href":"https:\/\/diariodigitalmx.com\/index.php\/wp-json\/wp\/v2\/media\/71520"}],"wp:attachment":[{"href":"https:\/\/diariodigitalmx.com\/index.php\/wp-json\/wp\/v2\/media?parent=71518"}],"wp:term":[{"taxonomy":"category","embeddable":true,"href":"https:\/\/diariodigitalmx.com\/index.php\/wp-json\/wp\/v2\/categories?post=71518"},{"taxonomy":"post_tag","embeddable":true,"href":"https:\/\/diariodigitalmx.com\/index.php\/wp-json\/wp\/v2\/tags?post=71518"}],"curies":[{"name":"wp","href":"https:\/\/api.w.org\/{rel}","templated":true}]}}