{"id":71526,"date":"2022-02-17T07:16:01","date_gmt":"2022-02-17T13:16:01","guid":{"rendered":"http:\/\/diariodigitalmx.com\/?p=71526"},"modified":"2022-02-17T08:14:11","modified_gmt":"2022-02-17T14:14:11","slug":"jose-jose-y-el-triste","status":"publish","type":"post","link":"https:\/\/diariodigitalmx.com\/index.php\/2022\/02\/17\/jose-jose-y-el-triste\/","title":{"rendered":"Jos\u00e9 Jos\u00e9 y \u201cEl Triste"},"content":{"rendered":"\n<figure class=\"wp-block-image size-large\"><img loading=\"lazy\" decoding=\"async\" width=\"640\" height=\"427\" src=\"http:\/\/diariodigitalmx.com\/wp-content\/uploads\/2022\/02\/IMG_6449.jpg\" alt=\"\" class=\"wp-image-71531\" srcset=\"https:\/\/diariodigitalmx.com\/wp-content\/uploads\/2022\/02\/IMG_6449.jpg 640w, https:\/\/diariodigitalmx.com\/wp-content\/uploads\/2022\/02\/IMG_6449-300x200.jpg 300w\" sizes=\"(max-width: 640px) 100vw, 640px\" \/><\/figure>\n\n\n\n<p>Por Salvador Hern\u00e1ndez <strong><em>LANDEROS<\/em><\/strong><\/p>\n\n\n\n<p><strong><em>Se los cuento al costo, con gusto.&nbsp;<\/em><\/strong><\/p>\n\n\n\n<p>Hoy, hoy, hoy, Jos\u00e9 Jos\u00e9 estar\u00eda cumpliendo 74 a\u00f1os de edad. Y en unos d\u00edas m\u00e1s, el 15 de marzo, se cumplen 52 a\u00f1os de cuando \u00e9l, a sus 22 a\u00f1os, interpret\u00f3 por primera vez la canci\u00f3n \u201cEl Triste\u201d.<\/p>\n\n\n\n<p>Ha transcurrido m\u00e1s de medio siglo y aun conservo en mi mente las im\u00e1genes televisivas de ese domingo del a\u00f1o de 1970, cuando se celebr\u00f3 en M\u00e9xico el Festival Mundial de la Canci\u00f3n Latina.<\/p>\n\n\n\n<p>En esa \u00e9poca el Pa\u00eds estaba convulsionado en su pol\u00edtica interna. El gobierno del presidente Gustavo D\u00edaz Ordaz, reci\u00e9n se hab\u00eda cimbrado por los acontecimientos del 2 de octubre de 1968.<\/p>\n\n\n\n<p>En Nuevo Le\u00f3n gobernaba Eduardo A. Elizondo y el alcalde de Monterrey era Gerardo Torres D\u00edaz. Se hac\u00eda la log\u00edstica por la venida del candidato a la presidencia de M\u00e9xico, Luis Echeverr\u00eda \u00c1lvarez.<\/p>\n\n\n\n<p>Ese domingo 15 de marzo hab\u00eda sido muy atareado. Yo era empleado auxiliar del departamento de Relaciones P\u00fablicas, Prensa y Difusi\u00f3n en el municipio de Monterrey, por $1,200.00 mensuales.<\/p>\n\n\n\n<p>Cubrir los eventos de cultura popular y difundir las actividades del alcalde ese domingo, no me permitieron ni siquiera salir con mi novia, quien un d\u00eda antes me hab\u00eda dado el anhelado S\u00ed.&nbsp;&nbsp;<\/p>\n\n\n\n<p>Minutos antes de iniciar el Festival llegue a casa, ubicada en Colegio Civil # 2109 de la colonia Larralde, d\u00f3nde mi querida \u201cLochita\u201d ya me esperaba con la cena y su petici\u00f3n quincenal.<\/p>\n\n\n\n<p>Pegado al televisor, sabiendo que el mexicano Jos\u00e9 Jos\u00e9 participar\u00eda con una composici\u00f3n del maestro Roberto Cantoral nos ten\u00eda al borde de la emoci\u00f3n porque se trataba de un talento joven.<\/p>\n\n\n\n<p>Jos\u00e9 Jos\u00e9 era nuestro representante generacional. Ya hab\u00edamos vivido la \u00e9poca del rock and roll con las baladas de Enrique Guzm\u00e1n, C\u00e9sar Costa, Alberto V\u00e1zquez, Ang\u00e9lica Mar\u00eda, Vianey Vald\u00e9s.<\/p>\n\n\n\n<p>Los nuevos ritmos musicales regresaban al cauce del romanticismo con las buenas voces. Armando Manzanero y su \u201cEsta tarde vi llover\u201d. Carlos Lico, con \u201cNo\u201d. Jos\u00e9 Jos\u00e9 con \u201cLa nave del olvido\u201d-<\/p>\n\n\n\n<p>Jos\u00e9 Sosa, naci\u00f3 el 17 de febrero de 1948 en el barrio de Azcapotzalco del antes Distrito Federal. Con apenas 22 a\u00f1os sorprendi\u00f3 a cantantes muy privilegiados, lo cual consta en un viejo video.<\/p>\n\n\n\n<p>Al terminar Jos\u00e9 Jos\u00e9 su interpretaci\u00f3n, asistentes y televidentes, sentimos que \u201cEl Triste\u201d obtendr\u00eda el primer lugar. Fue decepcionante la decisi\u00f3n del jurado que la envi\u00f3 al tercer lugar.<\/p>\n\n\n\n<p>Los jueces otorgaron el primer lugar a la canci\u00f3n \u201cCanci\u00f3n de Amor y Paz\u201d interpretada por la brasile\u00f1a Claudia y el segundo a \u201cCon los brazos cruzados\u201d con la venezolana Mirla Castellanos.<\/p>\n\n\n\n<p>Los jueces se equivocaron, pero el gusto musical de la gente no. \u201cEl Triste\u201d se convirti\u00f3 en un himno al amor, a la decepci\u00f3n, a la alegr\u00eda. Con Jos\u00e9 Jos\u00e9 se vendieron m\u00e1s de 15 millones de copias.<\/p>\n\n\n\n<p>Ese 15 de marzo naci\u00f3 un nuevo \u00eddolo de la canci\u00f3n rom\u00e1ntica. El triste int\u00e9rprete que qued\u00f3 en tercer lugar se convirti\u00f3 en un triunfador, quien musicalmente renov\u00f3 el romanticismo.<\/p>\n\n\n\n<p>Qui\u00e9n no, a su manera, interpretamos una canci\u00f3n de Jos\u00e9 Sosa. Quienes no nos embriagamos de romanticismo con sus interpretaciones. Para m\u00ed, \u201cSer\u00e9\u201d, es un himno de superaci\u00f3n de vida.<\/p>\n\n\n\n<p>En lo personal y profesional, lo trat\u00e9 y conviv\u00ed con \u00e9l muchas ocasiones. Sin ego\u00edsmos, su amistad me la comparti\u00f3 mi querido compadre Rub\u00e9n Hern\u00e1ndez Mojica, quien aqu\u00ed lo representaba.<\/p>\n\n\n\n<p>Cuando Jos\u00e9 Jos\u00e9 ven\u00eda a Monterrey, mi compadre Rub\u00e9n me invitaba a compartir con \u00e9l. Ambos ya fallecieron y lo m\u00e1s seguro es que andar\u00e1n muy juntos en su bohemia musical.<\/p>\n\n\n\n<p>Les coment\u00f3 que, en ese a\u00f1o de 1970, adem\u00e1s de \u201cEl Triste\u201d, aqu\u00ed en Nuevo Le\u00f3n hubo otra melod\u00eda que le hac\u00eda la competencia a Jos\u00e9 Jos\u00e9. Muy rom\u00e1ntica, de corte regional norte\u00f1o.<\/p>\n\n\n\n<p>Tambi\u00e9n fue un \u00e9xito local regional. \u201cMi Tesoro\u201d, interpretada por el dueto Los Rel\u00e1mpagos del Norte, conformado por Cornelio Reyna y Ram\u00f3n Ayala, \u00e9ste \u00faltimo convertido en el Rey del Acorde\u00f3n.<\/p>\n\n\n\n<p>Si este d\u00eda escucha alguna canci\u00f3n de Jos\u00e9 Jos\u00e9, recuerde que ser\u00eda su cumplea\u00f1os y prep\u00e1rese para el 15 de marzo. Son 52 a\u00f1os de ese himno musical que lleg\u00f3 para quedarse. \u201cEl Triste\u201d.<\/p>\n\n\n\n<p><a href=\"mailto:chavalolanderos@yahoo.com.mx\">chavalolanderos@yahoo.com.mx<\/a><\/p>\n","protected":false},"excerpt":{"rendered":"<p>Por Salvador Hern\u00e1ndez LANDEROS Se los cuento al costo, con gusto.&nbsp; Hoy, hoy, hoy, Jos\u00e9 Jos\u00e9 estar\u00eda cumpliendo 74 a\u00f1os de edad. Y en unos d\u00edas m\u00e1s, el 15 de marzo, se cumplen 52 a\u00f1os de cuando \u00e9l, a sus 22 a\u00f1os, interpret\u00f3 por primera vez la canci\u00f3n \u201cEl Triste\u201d. Ha transcurrido m\u00e1s de medio [&hellip;]<\/p>\n","protected":false},"author":1,"featured_media":71528,"comment_status":"open","ping_status":"open","sticky":true,"template":"","format":"standard","meta":{"footnotes":""},"categories":[12,5],"tags":[],"_links":{"self":[{"href":"https:\/\/diariodigitalmx.com\/index.php\/wp-json\/wp\/v2\/posts\/71526"}],"collection":[{"href":"https:\/\/diariodigitalmx.com\/index.php\/wp-json\/wp\/v2\/posts"}],"about":[{"href":"https:\/\/diariodigitalmx.com\/index.php\/wp-json\/wp\/v2\/types\/post"}],"author":[{"embeddable":true,"href":"https:\/\/diariodigitalmx.com\/index.php\/wp-json\/wp\/v2\/users\/1"}],"replies":[{"embeddable":true,"href":"https:\/\/diariodigitalmx.com\/index.php\/wp-json\/wp\/v2\/comments?post=71526"}],"version-history":[{"count":5,"href":"https:\/\/diariodigitalmx.com\/index.php\/wp-json\/wp\/v2\/posts\/71526\/revisions"}],"predecessor-version":[{"id":71533,"href":"https:\/\/diariodigitalmx.com\/index.php\/wp-json\/wp\/v2\/posts\/71526\/revisions\/71533"}],"wp:featuredmedia":[{"embeddable":true,"href":"https:\/\/diariodigitalmx.com\/index.php\/wp-json\/wp\/v2\/media\/71528"}],"wp:attachment":[{"href":"https:\/\/diariodigitalmx.com\/index.php\/wp-json\/wp\/v2\/media?parent=71526"}],"wp:term":[{"taxonomy":"category","embeddable":true,"href":"https:\/\/diariodigitalmx.com\/index.php\/wp-json\/wp\/v2\/categories?post=71526"},{"taxonomy":"post_tag","embeddable":true,"href":"https:\/\/diariodigitalmx.com\/index.php\/wp-json\/wp\/v2\/tags?post=71526"}],"curies":[{"name":"wp","href":"https:\/\/api.w.org\/{rel}","templated":true}]}}