{"id":7153,"date":"2019-07-02T22:07:10","date_gmt":"2019-07-03T03:07:10","guid":{"rendered":"http:\/\/diariodigitalmx.com\/?p=7153"},"modified":"2019-07-02T22:08:04","modified_gmt":"2019-07-03T03:08:04","slug":"noche-de-cine-acompanado-de-su-mascota-lleve-a-su-perro-invita-escobedo","status":"publish","type":"post","link":"https:\/\/diariodigitalmx.com\/index.php\/2019\/07\/02\/noche-de-cine-acompanado-de-su-mascota-lleve-a-su-perro-invita-escobedo\/","title":{"rendered":"Noche de cine acompa\u00f1ado de su mascota; lleve a su perro, invita Escobedo"},"content":{"rendered":"\n<p>El Municipio de Escobedo invita a todos los amantes de los perros, para que este viernes disfruten junto con sus mascotas de una Noche de Cine en el Parque Lineal Las Torres.<\/p>\n\n\n\n<p>A trav\u00e9s de la Direcci\u00f3n de Protecci\u00f3n Animal, la Administraci\u00f3n de la Alcaldesa Clara Luz Flores invita a la comunidad a que, junto con sus mascotas, acudan gratuitamente a la proyecci\u00f3n de la pel\u00edcula \u201cLa raz\u00f3n de estar contigo\u201d, la cual se proyectar\u00e1 en el \u00c1rea de Perros del Parque Lineal.<\/p>\n\n\n\n<p>Los asistentes podr\u00e1n llevar sillas, tapetes o colchas para disfrutar m\u00e1s c\u00f3modamente la funci\u00f3n, que iniciar\u00e1 a las 20:00 horas. <\/p>\n\n\n\n<p>El \u00fanico requisito, se\u00f1ala la dependencia, es que los due\u00f1os de las mascotas lleven sus bolsas para las heces y bolsas de basura. <br><\/p>\n\n\n\n<figure class=\"wp-block-image\"><img loading=\"lazy\" decoding=\"async\" width=\"1024\" height=\"683\" src=\"http:\/\/diariodigitalmx.com\/wp-content\/uploads\/2019\/07\/IMG_5903-1024x683.jpg\" alt=\"\" class=\"wp-image-7157\" srcset=\"https:\/\/diariodigitalmx.com\/wp-content\/uploads\/2019\/07\/IMG_5903-1024x683.jpg 1024w, https:\/\/diariodigitalmx.com\/wp-content\/uploads\/2019\/07\/IMG_5903-300x200.jpg 300w, https:\/\/diariodigitalmx.com\/wp-content\/uploads\/2019\/07\/IMG_5903-768x512.jpg 768w\" sizes=\"(max-width: 1024px) 100vw, 1024px\" \/><\/figure>\n","protected":false},"excerpt":{"rendered":"<p>El Municipio de Escobedo invita a todos los amantes de los perros, para que este viernes disfruten junto con sus mascotas de una Noche de Cine en el Parque Lineal Las Torres. A trav\u00e9s de la Direcci\u00f3n de Protecci\u00f3n Animal, la Administraci\u00f3n de la Alcaldesa Clara Luz Flores invita a la comunidad a que, junto [&hellip;]<\/p>\n","protected":false},"author":1,"featured_media":7155,"comment_status":"open","ping_status":"open","sticky":true,"template":"","format":"standard","meta":{"footnotes":""},"categories":[6],"tags":[],"_links":{"self":[{"href":"https:\/\/diariodigitalmx.com\/index.php\/wp-json\/wp\/v2\/posts\/7153"}],"collection":[{"href":"https:\/\/diariodigitalmx.com\/index.php\/wp-json\/wp\/v2\/posts"}],"about":[{"href":"https:\/\/diariodigitalmx.com\/index.php\/wp-json\/wp\/v2\/types\/post"}],"author":[{"embeddable":true,"href":"https:\/\/diariodigitalmx.com\/index.php\/wp-json\/wp\/v2\/users\/1"}],"replies":[{"embeddable":true,"href":"https:\/\/diariodigitalmx.com\/index.php\/wp-json\/wp\/v2\/comments?post=7153"}],"version-history":[{"count":2,"href":"https:\/\/diariodigitalmx.com\/index.php\/wp-json\/wp\/v2\/posts\/7153\/revisions"}],"predecessor-version":[{"id":7158,"href":"https:\/\/diariodigitalmx.com\/index.php\/wp-json\/wp\/v2\/posts\/7153\/revisions\/7158"}],"wp:featuredmedia":[{"embeddable":true,"href":"https:\/\/diariodigitalmx.com\/index.php\/wp-json\/wp\/v2\/media\/7155"}],"wp:attachment":[{"href":"https:\/\/diariodigitalmx.com\/index.php\/wp-json\/wp\/v2\/media?parent=7153"}],"wp:term":[{"taxonomy":"category","embeddable":true,"href":"https:\/\/diariodigitalmx.com\/index.php\/wp-json\/wp\/v2\/categories?post=7153"},{"taxonomy":"post_tag","embeddable":true,"href":"https:\/\/diariodigitalmx.com\/index.php\/wp-json\/wp\/v2\/tags?post=7153"}],"curies":[{"name":"wp","href":"https:\/\/api.w.org\/{rel}","templated":true}]}}