{"id":71566,"date":"2022-02-17T22:12:13","date_gmt":"2022-02-18T04:12:13","guid":{"rendered":"http:\/\/diariodigitalmx.com\/?p=71566"},"modified":"2022-02-17T22:15:24","modified_gmt":"2022-02-18T04:15:24","slug":"polvo-y-alerta-ambiental-en-zona-conurbada-regiomontana","status":"publish","type":"post","link":"https:\/\/diariodigitalmx.com\/index.php\/2022\/02\/17\/polvo-y-alerta-ambiental-en-zona-conurbada-regiomontana\/","title":{"rendered":"Polvo y alerta ambiental en zona conurbada regiomontana"},"content":{"rendered":"\n<p>Monterrey &#8211; Esta Ciudad capital tuvo un d\u00eda de viento con polvos lo que provoc\u00f3 que se emitiera otra alerta ambiental.&nbsp;<\/p>\n\n\n\n<p>Polvo proveniente del estado de Texas afect\u00f3 la calidad del aire de la zona conurbada, dijo el Observatorio Ciudadano de la Calidad del Aire.<\/p>\n\n\n\n<p>La calidad del aire fue extremadamente mala y a las emisiones contaminantes locales se sum\u00f3 el polvo texano.<\/p>\n\n\n\n<figure class=\"wp-block-image size-large\"><img loading=\"lazy\" decoding=\"async\" width=\"1024\" height=\"785\" src=\"http:\/\/diariodigitalmx.com\/wp-content\/uploads\/2022\/02\/Screenshot_20220217_221351_com.google.android.apps_.photos2-1024x785.jpg\" alt=\"\" class=\"wp-image-71571\" srcset=\"https:\/\/diariodigitalmx.com\/wp-content\/uploads\/2022\/02\/Screenshot_20220217_221351_com.google.android.apps_.photos2-1024x785.jpg 1024w, https:\/\/diariodigitalmx.com\/wp-content\/uploads\/2022\/02\/Screenshot_20220217_221351_com.google.android.apps_.photos2-300x230.jpg 300w, https:\/\/diariodigitalmx.com\/wp-content\/uploads\/2022\/02\/Screenshot_20220217_221351_com.google.android.apps_.photos2-768x588.jpg 768w, https:\/\/diariodigitalmx.com\/wp-content\/uploads\/2022\/02\/Screenshot_20220217_221351_com.google.android.apps_.photos2.jpg 1048w\" sizes=\"(max-width: 1024px) 100vw, 1024px\" \/><\/figure>\n\n\n\n<p>&#8220;Sumado a los fuertes vientos y a las emisiones por la actividad humana, se presentan muy altas concentraciones de material particulado sobre el \u00e1rea metropolitana de Monterrey. Se recomienda tomar precauciones para cuidar la salud y tambi\u00e9n evitar cualquier tipo de quema, debido al tiempo seco y a la nula probabilidad de lluvia&#8221;, alert\u00f3 el organismo.<\/p>\n\n\n\n<p>Despu\u00e9s del mediod\u00eda la Secretar\u00eda del Medio Ambiente emiti\u00f3 la alerta luego de que hubo nubes de polvo, empeor\u00f3 la contaminaci\u00f3n y los cerros no pudieron observarse bien por la ma\u00f1ana.&nbsp;<\/p>\n\n\n\n<p>La alerta&nbsp; fue por la contaminaci\u00f3n generada por part\u00edculas PM10, y despu\u00e9s de predominar fuertes vientos y polvaredas desde muy temprano.<\/p>\n\n\n\n<p>&#8220;El Gobierno del Estado de Nuevo Le\u00f3n, a trav\u00e9s de la Secretar\u00eda de Medio Ambiente, informa que se activa la fase de alerta del Programa de Respuesta a Contingencias Atmosf\u00e9ricas, por altas concentraciones de part\u00edculas menores a 10 micr\u00f3metros (PM10)&#8221;, comunic\u00f3 la dependencia.&nbsp;<\/p>\n\n\n\n<p>Se solicit\u00f3 a las empresas y a construcciones disminuir sus emisiones, y a las personas a evitar las actividades al aire libre.<\/p>\n","protected":false},"excerpt":{"rendered":"<p>Monterrey &#8211; Esta Ciudad capital tuvo un d\u00eda de viento con polvos lo que provoc\u00f3 que se emitiera otra alerta ambiental.&nbsp; Polvo proveniente del estado de Texas afect\u00f3 la calidad del aire de la zona conurbada, dijo el Observatorio Ciudadano de la Calidad del Aire. La calidad del aire fue extremadamente mala y a las [&hellip;]<\/p>\n","protected":false},"author":1,"featured_media":71568,"comment_status":"open","ping_status":"open","sticky":true,"template":"","format":"standard","meta":{"footnotes":""},"categories":[6,3],"tags":[],"_links":{"self":[{"href":"https:\/\/diariodigitalmx.com\/index.php\/wp-json\/wp\/v2\/posts\/71566"}],"collection":[{"href":"https:\/\/diariodigitalmx.com\/index.php\/wp-json\/wp\/v2\/posts"}],"about":[{"href":"https:\/\/diariodigitalmx.com\/index.php\/wp-json\/wp\/v2\/types\/post"}],"author":[{"embeddable":true,"href":"https:\/\/diariodigitalmx.com\/index.php\/wp-json\/wp\/v2\/users\/1"}],"replies":[{"embeddable":true,"href":"https:\/\/diariodigitalmx.com\/index.php\/wp-json\/wp\/v2\/comments?post=71566"}],"version-history":[{"count":2,"href":"https:\/\/diariodigitalmx.com\/index.php\/wp-json\/wp\/v2\/posts\/71566\/revisions"}],"predecessor-version":[{"id":71572,"href":"https:\/\/diariodigitalmx.com\/index.php\/wp-json\/wp\/v2\/posts\/71566\/revisions\/71572"}],"wp:featuredmedia":[{"embeddable":true,"href":"https:\/\/diariodigitalmx.com\/index.php\/wp-json\/wp\/v2\/media\/71568"}],"wp:attachment":[{"href":"https:\/\/diariodigitalmx.com\/index.php\/wp-json\/wp\/v2\/media?parent=71566"}],"wp:term":[{"taxonomy":"category","embeddable":true,"href":"https:\/\/diariodigitalmx.com\/index.php\/wp-json\/wp\/v2\/categories?post=71566"},{"taxonomy":"post_tag","embeddable":true,"href":"https:\/\/diariodigitalmx.com\/index.php\/wp-json\/wp\/v2\/tags?post=71566"}],"curies":[{"name":"wp","href":"https:\/\/api.w.org\/{rel}","templated":true}]}}